{"id":21825,"date":"2025-02-19T17:43:09","date_gmt":"2025-02-19T14:43:09","guid":{"rendered":"https:\/\/scurtpe2.ro\/?p=21825"},"modified":"2025-02-20T17:47:49","modified_gmt":"2025-02-20T14:47:49","slug":"curse-trans-bus-reduse","status":"publish","type":"post","link":"https:\/\/scurtpe2.ro\/?p=21825","title":{"rendered":"CURSE TRANS BUS REDUSE"},"content":{"rendered":"<p>Prim\u0103ria Buz\u0103u caut\u0103 solu\u021bii pentru a diminua din cheltuielile de la bugetul local. Una dintre acestea vizeaz\u0103 reducerea num\u0103rului de curse efectuate de c\u0103tre autobuzele societ\u0103\u021bii Trans Bus, \u00een localit\u0103\u021bile jude\u021bului.<\/p>\n<p>Primarul Constantin Toma consider\u0103 c\u0103, de\u0219i a fost criticat c\u0103 a extins activitatea societ\u0103\u021bii de transport public \u00een mod exagerat, a ini\u021biat acest demers, pentru a reduce abandonul \u0219colar \u0219i pentru a ajuta la dezvoltarea economic\u0103 a municipiului Buz\u0103u.<\/p>\n<p>Toma spune c\u0103 nu vor fi reduse curse chiar \u00een toate localit\u0103\u021bile din jude\u021b \u00een care opereaz\u0103 Trans Bus, ci vor fi vizate doar unele comune. El precizeaz\u0103 c\u0103 municipalitatea nu mai poate sus\u021bine financiar procentul de 85% pentru a acoperi toate cheltuielile privind transportul public \u00een comun.<\/p>\n<p>Prin reducerea de curse ale autobuzelor Trans Bus de pe rute din mediul rural, Primaria Buz\u0103u ar putea economisi la bugetul local aproape 1 milion de euro.<\/p>\n","protected":false},"excerpt":{"rendered":"<p>Prim\u0103ria Buz\u0103u caut\u0103 solu\u021bii pentru a diminua din cheltuielile de la bugetul local. Una dintre acestea vizeaz\u0103 reducerea num\u0103rului de curse efectuate de c\u0103tre autobuzele societ\u0103\u021bii Trans Bus, \u00een localit\u0103\u021bile jude\u021bului. Primarul Constantin Toma consider\u0103 c\u0103, de\u0219i a fost criticat c\u0103 a extins activitatea societ\u0103\u021bii de transport public \u00een mod exagerat, a ini\u021biat acest demers, pentru a reduce abandonul \u0219colar \u0219i pentru a ajuta la dezvoltarea economic\u0103 a municipiului Buz\u0103u. Toma spune c\u0103 nu vor fi reduse curse chiar \u00een toate localit\u0103\u021bile din jude\u021b \u00een care opereaz\u0103 Trans Bus, ci&hellip;<\/p>\n","protected":false},"author":4,"featured_media":19196,"comment_status":"closed","ping_status":"closed","sticky":false,"template":"","format":"standard","meta":{"footnotes":""},"categories":[173,168],"tags":[1513,1863,4839,1413],"class_list":["post-21825","post","type-post","status-publish","format-standard","has-post-thumbnail","hentry","category-administrativ","category-informatia-de-buzau","tag-cheltuieli","tag-euro","tag-trans-bus","tag-transport-public"],"gutentor_comment":0,"_links":{"self":[{"href":"https:\/\/scurtpe2.ro\/index.php?rest_route=\/wp\/v2\/posts\/21825","targetHints":{"allow":["GET"]}}],"collection":[{"href":"https:\/\/scurtpe2.ro\/index.php?rest_route=\/wp\/v2\/posts"}],"about":[{"href":"https:\/\/scurtpe2.ro\/index.php?rest_route=\/wp\/v2\/types\/post"}],"author":[{"embeddable":true,"href":"https:\/\/scurtpe2.ro\/index.php?rest_route=\/wp\/v2\/users\/4"}],"replies":[{"embeddable":true,"href":"https:\/\/scurtpe2.ro\/index.php?rest_route=%2Fwp%2Fv2%2Fcomments&post=21825"}],"version-history":[{"count":1,"href":"https:\/\/scurtpe2.ro\/index.php?rest_route=\/wp\/v2\/posts\/21825\/revisions"}],"predecessor-version":[{"id":21826,"href":"https:\/\/scurtpe2.ro\/index.php?rest_route=\/wp\/v2\/posts\/21825\/revisions\/21826"}],"wp:featuredmedia":[{"embeddable":true,"href":"https:\/\/scurtpe2.ro\/index.php?rest_route=\/wp\/v2\/media\/19196"}],"wp:attachment":[{"href":"https:\/\/scurtpe2.ro\/index.php?rest_route=%2Fwp%2Fv2%2Fmedia&parent=21825"}],"wp:term":[{"taxonomy":"category","embeddable":true,"href":"https:\/\/scurtpe2.ro\/index.php?rest_route=%2Fwp%2Fv2%2Fcategories&post=21825"},{"taxonomy":"post_tag","embeddable":true,"href":"https:\/\/scurtpe2.ro\/index.php?rest_route=%2Fwp%2Fv2%2Ftags&post=21825"}],"curies":[{"name":"wp","href":"https:\/\/api.w.org\/{rel}","templated":true}]}}