{"id":21795,"date":"2025-02-12T17:44:48","date_gmt":"2025-02-12T14:44:48","guid":{"rendered":"https:\/\/scurtpe2.ro\/?p=21795"},"modified":"2025-02-13T11:46:13","modified_gmt":"2025-02-13T08:46:13","slug":"intretinere-costisitoare","status":"publish","type":"post","link":"https:\/\/scurtpe2.ro\/?p=21795","title":{"rendered":"\u00c2\u00a0\u00ceNTRE\u021aINERE COSTISITOARE"},"content":{"rendered":"<p>\u00centre\u021binerea pavajului din Pia\u021ba Dacia, din municipiul Buz\u0103u, cost\u0103 o avere. Cel pu\u021bin asta arat\u0103 contractul de atribuire a lucr\u0103rilor de sablare a dalelor de piatr\u0103 de pe platoul Dacia, necesare dup\u0103 \u00eeng\u0103lbenirea pavajului. Potrivit contractului semnat de Prim\u0103rie cu o firm\u0103 din G\u0103lbina\u0219i, lucr\u0103rile de &#8222;\u009dsp\u0103lare prin sablare&#8221;\u009d a dalelor, executate anul trecut, au costat peste 120.000 de euro. Suma nu este deloc una de neglijat, mai ales dac\u0103 aceste opera\u021biuni de \u00eentre\u021binere a pavajului din Pia\u021ba Dacia vor fi realizate anual. Subiectul costurilor de \u00eentre\u021binere a dalelor din centrul ora\u0219ului a fost abordat \u0219i \u00een cea mai recent\u0103 \u0219edin\u021b\u0103 a Consiliului Local Municipal Buz\u0103u, \u00eens\u0103 reprezentan\u021bii administra\u021biei locale nu au reu\u0219it s\u0103 l\u0103mureasc\u0103 problema.<\/p>\n<p>Pavajul din Pia\u021ba Dacia a fost \u00eenlocuit prin lucr\u0103ri de modernizare \u00eencheiate \u00een decembrie 2023. Dup\u0103 mai pu\u021bin de jum\u0103tate de an de la finalizarea proiectului de aproape 5 milioane de euro, \u00een mare parte cu fonduri europene, Prim\u0103ria Buz\u0103u a fost nevoit\u0103 s\u0103 epeleze la o firm\u0103 specializa\u021b\u0103 pentru a cur\u0103\u021ba pavajul, care se \u00eeng\u0103lbenise din cauza lacului aplicat de executantul lucr\u0103rilor.<\/p>\n","protected":false},"excerpt":{"rendered":"<p>\u00centre\u021binerea pavajului din Pia\u021ba Dacia, din municipiul Buz\u0103u, cost\u0103 o avere. Cel pu\u021bin asta arat\u0103 contractul de atribuire a lucr\u0103rilor de sablare a dalelor de piatr\u0103 de pe platoul Dacia, necesare dup\u0103 \u00eeng\u0103lbenirea pavajului. Potrivit contractului semnat de Prim\u0103rie cu o firm\u0103 din G\u0103lbina\u0219i, lucr\u0103rile de &#8222;\u009dsp\u0103lare prin sablare&#8221;\u009d a dalelor, executate anul trecut, au costat peste 120.000 de euro. Suma nu este deloc una de neglijat, mai ales dac\u0103 aceste opera\u021biuni de \u00eentre\u021binere a pavajului din Pia\u021ba Dacia vor fi realizate anual. Subiectul costurilor de \u00eentre\u021binere a dalelor din&hellip;<\/p>\n","protected":false},"author":4,"featured_media":21796,"comment_status":"closed","ping_status":"closed","sticky":false,"template":"","format":"standard","meta":{"footnotes":""},"categories":[168],"tags":[1863,2907,964,7878],"class_list":["post-21795","post","type-post","status-publish","format-standard","has-post-thumbnail","hentry","category-informatia-de-buzau","tag-euro","tag-pavaj","tag-piata-dacia","tag-sablare"],"gutentor_comment":0,"_links":{"self":[{"href":"https:\/\/scurtpe2.ro\/index.php?rest_route=\/wp\/v2\/posts\/21795","targetHints":{"allow":["GET"]}}],"collection":[{"href":"https:\/\/scurtpe2.ro\/index.php?rest_route=\/wp\/v2\/posts"}],"about":[{"href":"https:\/\/scurtpe2.ro\/index.php?rest_route=\/wp\/v2\/types\/post"}],"author":[{"embeddable":true,"href":"https:\/\/scurtpe2.ro\/index.php?rest_route=\/wp\/v2\/users\/4"}],"replies":[{"embeddable":true,"href":"https:\/\/scurtpe2.ro\/index.php?rest_route=%2Fwp%2Fv2%2Fcomments&post=21795"}],"version-history":[{"count":1,"href":"https:\/\/scurtpe2.ro\/index.php?rest_route=\/wp\/v2\/posts\/21795\/revisions"}],"predecessor-version":[{"id":21797,"href":"https:\/\/scurtpe2.ro\/index.php?rest_route=\/wp\/v2\/posts\/21795\/revisions\/21797"}],"wp:featuredmedia":[{"embeddable":true,"href":"https:\/\/scurtpe2.ro\/index.php?rest_route=\/wp\/v2\/media\/21796"}],"wp:attachment":[{"href":"https:\/\/scurtpe2.ro\/index.php?rest_route=%2Fwp%2Fv2%2Fmedia&parent=21795"}],"wp:term":[{"taxonomy":"category","embeddable":true,"href":"https:\/\/scurtpe2.ro\/index.php?rest_route=%2Fwp%2Fv2%2Fcategories&post=21795"},{"taxonomy":"post_tag","embeddable":true,"href":"https:\/\/scurtpe2.ro\/index.php?rest_route=%2Fwp%2Fv2%2Ftags&post=21795"}],"curies":[{"name":"wp","href":"https:\/\/api.w.org\/{rel}","templated":true}]}}