{"id":21786,"date":"2025-02-11T20:41:26","date_gmt":"2025-02-11T17:41:26","guid":{"rendered":"https:\/\/scurtpe2.ro\/?p=21786"},"modified":"2025-02-11T20:41:26","modified_gmt":"2025-02-11T17:41:26","slug":"o-sala-de-sport-speciala","status":"publish","type":"post","link":"https:\/\/scurtpe2.ro\/?p=21786","title":{"rendered":"O SAL\u0102 DE SPORT SPECIAL\u0102"},"content":{"rendered":"<p><a href=\"https:\/\/scurtpe2.ro\/2025\/02\/o-sala-de-sport-speciala\/sala-1\/\" rel=\"attachment wp-att-21788\"><img loading=\"lazy\" decoding=\"async\" class=\"alignnone size-medium wp-image-21788\" src=\"https:\/\/scurtpe2.ro\/wp-content\/uploads\/2025\/02\/sala-1-660x365.jpg\" alt=\"\" width=\"660\" height=\"365\" \/><\/a><\/p>\n<p>Buz\u0103ul are o nou\u0103 sal\u0103 de sport. Este vorba despre o sal\u0103 multifunc\u021bional\u0103, destinat\u0103 persoanelor cu dizabilit\u0103\u021bi, unic\u0103 \u00een \u021bar\u0103. Obiectivul a fost construit \u00een curtea Liceului pentru Deficien\u021bi de Vedere, pe strada Horticolei, prin Compania Na\u021bional\u0103 de Investi\u021bii \u0219i reprezint\u0103 unul dintre cele mai importante proiecte de investi\u021bii din ultimii ani, ale \u00c2\u00a0Consiliul Jude\u021bean Buz\u0103u. Lucr\u0103rile au \u00eenceput \u00een 2020 \u0219i au fost finalizate recent. Recep\u021bia s\u0103lii de sport multifunc\u021bionale a avut loc la mijlocul lunii ianuarie, urm\u00e2nd ca inaugurarea obiectivului s\u0103 aib\u0103 loc la finalul acestei luni sau la \u00eenceputul lunii martie. Sala nou construit\u0103 este una complex\u0103, unde elevii Liceului pentru Deficien\u021bi de Vedere, dar \u0219i alte persoane cu dizabilit\u0103\u021bi pot face sport, dar \u0219i recuperare. De asemenea, sala poate g\u0103zdui diverse competi\u021bii, serb\u0103ri sau alte evenimente, care pot fi urm\u0103rite, din tribune, de aproape 120 de persoane.<\/p>\n<p>&nbsp;<\/p>\n<p>&nbsp;<\/p>\n","protected":false},"excerpt":{"rendered":"<p>Buz\u0103ul are o nou\u0103 sal\u0103 de sport. Este vorba despre o sal\u0103 multifunc\u021bional\u0103, destinat\u0103 persoanelor cu dizabilit\u0103\u021bi, unic\u0103 \u00een \u021bar\u0103. Obiectivul a fost construit \u00een curtea Liceului pentru Deficien\u021bi de Vedere, pe strada Horticolei, prin Compania Na\u021bional\u0103 de Investi\u021bii \u0219i reprezint\u0103 unul dintre cele mai importante proiecte de investi\u021bii din ultimii ani, ale \u00c2\u00a0Consiliul Jude\u021bean Buz\u0103u. Lucr\u0103rile au \u00eenceput \u00een 2020 \u0219i au fost finalizate recent. Recep\u021bia s\u0103lii de sport multifunc\u021bionale a avut loc la mijlocul lunii ianuarie, urm\u00e2nd ca inaugurarea obiectivului s\u0103 aib\u0103 loc la finalul acestei luni sau&hellip;<\/p>\n","protected":false},"author":4,"featured_media":21787,"comment_status":"closed","ping_status":"closed","sticky":false,"template":"","format":"standard","meta":{"footnotes":""},"categories":[168],"tags":[7875,3276,7876,3273],"class_list":["post-21786","post","type-post","status-publish","format-standard","has-post-thumbnail","hentry","category-informatia-de-buzau","tag-competitii","tag-dizabilitati","tag-liceu-deficienti-de-vedere","tag-sala-sport"],"gutentor_comment":0,"_links":{"self":[{"href":"https:\/\/scurtpe2.ro\/index.php?rest_route=\/wp\/v2\/posts\/21786","targetHints":{"allow":["GET"]}}],"collection":[{"href":"https:\/\/scurtpe2.ro\/index.php?rest_route=\/wp\/v2\/posts"}],"about":[{"href":"https:\/\/scurtpe2.ro\/index.php?rest_route=\/wp\/v2\/types\/post"}],"author":[{"embeddable":true,"href":"https:\/\/scurtpe2.ro\/index.php?rest_route=\/wp\/v2\/users\/4"}],"replies":[{"embeddable":true,"href":"https:\/\/scurtpe2.ro\/index.php?rest_route=%2Fwp%2Fv2%2Fcomments&post=21786"}],"version-history":[{"count":2,"href":"https:\/\/scurtpe2.ro\/index.php?rest_route=\/wp\/v2\/posts\/21786\/revisions"}],"predecessor-version":[{"id":21790,"href":"https:\/\/scurtpe2.ro\/index.php?rest_route=\/wp\/v2\/posts\/21786\/revisions\/21790"}],"wp:featuredmedia":[{"embeddable":true,"href":"https:\/\/scurtpe2.ro\/index.php?rest_route=\/wp\/v2\/media\/21787"}],"wp:attachment":[{"href":"https:\/\/scurtpe2.ro\/index.php?rest_route=%2Fwp%2Fv2%2Fmedia&parent=21786"}],"wp:term":[{"taxonomy":"category","embeddable":true,"href":"https:\/\/scurtpe2.ro\/index.php?rest_route=%2Fwp%2Fv2%2Fcategories&post=21786"},{"taxonomy":"post_tag","embeddable":true,"href":"https:\/\/scurtpe2.ro\/index.php?rest_route=%2Fwp%2Fv2%2Ftags&post=21786"}],"curies":[{"name":"wp","href":"https:\/\/api.w.org\/{rel}","templated":true}]}}