{"id":21782,"date":"2025-02-11T20:36:03","date_gmt":"2025-02-11T17:36:03","guid":{"rendered":"https:\/\/scurtpe2.ro\/?p=21782"},"modified":"2025-02-11T20:36:03","modified_gmt":"2025-02-11T17:36:03","slug":"deficit-acutizat","status":"publish","type":"post","link":"https:\/\/scurtpe2.ro\/?p=21782","title":{"rendered":"DEFICIT ACUTIZAT"},"content":{"rendered":"<p>\u0218i \u00een Prim\u0103ria Buz\u0103u 6 angaja\u021bi, care aveau decizii de pensionare emise, dar erau angaja\u021bi ca func\u021bionari publici, p\u0103r\u0103sesc institu\u021bia. Aceasta dup\u0103 ce, anul trecut, magistra\u021bii \u00cenaltei Cur\u021bi de Casa\u021bie \u0219i Justi\u021bie au decis s\u0103 trimit\u0103 acas\u0103 pensionarii din administra\u021bia public\u0103. Mai exact, un func\u021bionar public care are \u0219i o decizie de pensionare nu mai poate lucra \u00een administra\u021bie. Contractul lui de munc\u0103 \u00eenceteaz\u0103 imediat.<\/p>\n<p>Reprezentan\u021bii Prim\u0103riei Buz\u0103u spun c\u0103 aceste pension\u0103ri sunt o adev\u0103rat\u0103 lovitur\u0103 pentru administra\u021bia local\u0103, pentru c\u0103 accentueaz\u0103 deficitul de personal.<\/p>\n<p>Deficitul de personal este cauzat de procesul Prim\u0103riei Buz\u0103u cu poli\u021bi\u0219tii locali, disput\u0103 care \u021bine de peste 8 ani. \u00cen tot acest timp, angaj\u0103rile \u00een administra\u021bia local\u0103 au fost sistate.<\/p>\n<p>Nu numai acest proces \u00eempiedic\u0103, \u00eens\u0103, Prim\u0103ria Buz\u0103u s\u0103 fac\u0103 angaj\u0103ri. \u0218i a\u0219a-zisa &#8222;\u017eOrdonan\u021b\u0103-trenule\u021b&#8221;\u009d, emis\u0103 de Guvernul Ciolacu la sf\u00e2r\u0219itul lui decembrie 2024, restric\u021bioneaz\u0103 noile angaj\u0103ri.<\/p>\n","protected":false},"excerpt":{"rendered":"<p>\u0218i \u00een Prim\u0103ria Buz\u0103u 6 angaja\u021bi, care aveau decizii de pensionare emise, dar erau angaja\u021bi ca func\u021bionari publici, p\u0103r\u0103sesc institu\u021bia. Aceasta dup\u0103 ce, anul trecut, magistra\u021bii \u00cenaltei Cur\u021bi de Casa\u021bie \u0219i Justi\u021bie au decis s\u0103 trimit\u0103 acas\u0103 pensionarii din administra\u021bia public\u0103. Mai exact, un func\u021bionar public care are \u0219i o decizie de pensionare nu mai poate lucra \u00een administra\u021bie. Contractul lui de munc\u0103 \u00eenceteaz\u0103 imediat. Reprezentan\u021bii Prim\u0103riei Buz\u0103u spun c\u0103 aceste pension\u0103ri sunt o adev\u0103rat\u0103 lovitur\u0103 pentru administra\u021bia local\u0103, pentru c\u0103 accentueaz\u0103 deficitul de personal. Deficitul de personal este cauzat&hellip;<\/p>\n","protected":false},"author":4,"featured_media":14875,"comment_status":"closed","ping_status":"closed","sticky":false,"template":"","format":"standard","meta":{"footnotes":""},"categories":[173,168],"tags":[300,7808,7874,858,530],"class_list":["post-21782","post","type-post","status-publish","format-standard","has-post-thumbnail","hentry","category-administrativ","category-informatia-de-buzau","tag-functionari","tag-ordonanta-trenulet","tag-pensionare","tag-personal","tag-primaria-buzau"],"gutentor_comment":0,"_links":{"self":[{"href":"https:\/\/scurtpe2.ro\/index.php?rest_route=\/wp\/v2\/posts\/21782","targetHints":{"allow":["GET"]}}],"collection":[{"href":"https:\/\/scurtpe2.ro\/index.php?rest_route=\/wp\/v2\/posts"}],"about":[{"href":"https:\/\/scurtpe2.ro\/index.php?rest_route=\/wp\/v2\/types\/post"}],"author":[{"embeddable":true,"href":"https:\/\/scurtpe2.ro\/index.php?rest_route=\/wp\/v2\/users\/4"}],"replies":[{"embeddable":true,"href":"https:\/\/scurtpe2.ro\/index.php?rest_route=%2Fwp%2Fv2%2Fcomments&post=21782"}],"version-history":[{"count":1,"href":"https:\/\/scurtpe2.ro\/index.php?rest_route=\/wp\/v2\/posts\/21782\/revisions"}],"predecessor-version":[{"id":21783,"href":"https:\/\/scurtpe2.ro\/index.php?rest_route=\/wp\/v2\/posts\/21782\/revisions\/21783"}],"wp:featuredmedia":[{"embeddable":true,"href":"https:\/\/scurtpe2.ro\/index.php?rest_route=\/wp\/v2\/media\/14875"}],"wp:attachment":[{"href":"https:\/\/scurtpe2.ro\/index.php?rest_route=%2Fwp%2Fv2%2Fmedia&parent=21782"}],"wp:term":[{"taxonomy":"category","embeddable":true,"href":"https:\/\/scurtpe2.ro\/index.php?rest_route=%2Fwp%2Fv2%2Fcategories&post=21782"},{"taxonomy":"post_tag","embeddable":true,"href":"https:\/\/scurtpe2.ro\/index.php?rest_route=%2Fwp%2Fv2%2Ftags&post=21782"}],"curies":[{"name":"wp","href":"https:\/\/api.w.org\/{rel}","templated":true}]}}