{"id":21780,"date":"2025-02-10T18:12:35","date_gmt":"2025-02-10T15:12:35","guid":{"rendered":"https:\/\/scurtpe2.ro\/?p=21780"},"modified":"2025-02-11T18:14:59","modified_gmt":"2025-02-11T15:14:59","slug":"eveniment-dedicat-unui-mare-antrenor","status":"publish","type":"post","link":"https:\/\/scurtpe2.ro\/?p=21780","title":{"rendered":"EVENIMENT DEDICAT UNUI MARE ANTRENOR"},"content":{"rendered":"<p class=\"yiv3111136387ydpbdcc5da9msonormal\" style=\"background: white;\"><span lang=\"EN-US\" style=\"font-size: 18.0pt;\">Eveniment sportiv de amploare, organizat, s\u00e2mb\u0103t\u0103, \u00een Sala Municipal\u0103 de Sport &#8222;\u009dVasile \u0218tefan&#8221;\u009d din R\u00e2mnicu S\u0103rat. Sute de sportivi din toat\u0103 \u021bara, dar \u0219i din Republica Moldova, au participat la cea de-a V-a edi\u021bie a ,,Memorialului Neculai Tivg\u0103&#8221;, la \u00eemplinirea a opt ani de la trecerea \u00een nefiin\u021b\u0103 a regretatului profesor \u0219i antrenor de judo. Reprezentan\u021bii Sec\u021biei de Judo din cadrul Clubului Sportiv Municipal R\u00e2mnicu S\u0103rat au celebrat amintirea acestei personalit\u0103\u021bi a sportului r\u00e2mnicean sub mesajul &#8222;\u017eJudo ne une\u0219te&#8221;\u009d:<\/span><\/p>\n<p class=\"yiv3111136387ydpbdcc5da9msonormal\" style=\"background: white;\"><span lang=\"EN-US\" style=\"font-size: 18.0pt;\">La competi\u021bia organizat\u0103, s\u00e2mb\u0103t\u0103, a fost prezent\u0103 \u0219i fosta atlet\u0103 Violeta Beclea-Szekely. Marea campioan\u0103 a sportului rom\u00e2nesc consider\u0103 acest eveniment drept unul important pentru dezvoltarea judo-ului rom\u00e2nesc.<\/span><\/p>\n<p class=\"yiv3111136387ydpbdcc5da9msonormal\" style=\"background: white;\"><span lang=\"EN-US\" style=\"font-size: 18.0pt;\">\u0218i autorit\u0103\u021bile R\u00e2mnicu S\u0103rat s-au\u00c2\u00a0declarat \u00eenc\u00e2ntate num\u0103rul mare de sportivi prezen\u021bi la eveniment.<\/span><\/p>\n<p class=\"yiv3111136387ydpbdcc5da9msonormal\" style=\"background: white;\"><span lang=\"EN-US\" style=\"font-size: 18.0pt;\">Subprefectul jude\u021bului Buz\u0103u, Mihail-Gabriel Ilie, fost sportiv al Clubului de judo din R\u00e2mnicu S\u0103rat, i-a \u00eendeamnat pe p\u0103rin\u021bii s\u0103-\u0219i sus\u021bin\u0103 copii \u00een activitatea sportiv\u0103.<\/span><\/p>\n<p class=\"yiv3111136387ydpbdcc5da9msonormal\" style=\"background: white;\"><span lang=\"EN-US\" style=\"font-size: 18.0pt;\">Pe 28 ianuarie, s-au \u00eemplinit 8 ani de la plecarea spre eternitate a celui ce a fost pentru mul\u021bi un mentor, antrenorul de judo, Neculai Tivg\u0103. \u00cen urm\u0103 cu peste 40 de ani, Neculai Tivg\u0103 a adus acest sport \u00een ora\u0219 \u0219i a pus Ramnicu S\u0103rat pe harta performan\u021belor sportive. Fo\u0219tii elevi spun c\u0103 antrenorul a practicat meseria cu pasiune p\u00e2n\u0103 la finalul vie\u021bii.<\/span><\/p>\n","protected":false},"excerpt":{"rendered":"<p>Eveniment sportiv de amploare, organizat, s\u00e2mb\u0103t\u0103, \u00een Sala Municipal\u0103 de Sport &#8222;\u009dVasile \u0218tefan&#8221;\u009d din R\u00e2mnicu S\u0103rat. Sute de sportivi din toat\u0103 \u021bara, dar \u0219i din Republica Moldova, au participat la cea de-a V-a edi\u021bie a ,,Memorialului Neculai Tivg\u0103&#8221;, la \u00eemplinirea a opt ani de la trecerea \u00een nefiin\u021b\u0103 a regretatului profesor \u0219i antrenor de judo. Reprezentan\u021bii Sec\u021biei de Judo din cadrul Clubului Sportiv Municipal R\u00e2mnicu S\u0103rat au celebrat amintirea acestei personalit\u0103\u021bi a sportului r\u00e2mnicean sub mesajul &#8222;\u017eJudo ne une\u0219te&#8221;\u009d: La competi\u021bia organizat\u0103, s\u00e2mb\u0103t\u0103, a fost prezent\u0103 \u0219i fosta atlet\u0103 Violeta&hellip;<\/p>\n","protected":false},"author":4,"featured_media":18979,"comment_status":"closed","ping_status":"closed","sticky":false,"template":"","format":"standard","meta":{"footnotes":""},"categories":[165,160],"tags":[7009,7872,7873],"class_list":["post-21780","post","type-post","status-publish","format-standard","has-post-thumbnail","hentry","category-informatia-de-ramnic","category-sport","tag-judo","tag-memorial-neculai-tivga","tag-violeta-beclea"],"gutentor_comment":0,"_links":{"self":[{"href":"https:\/\/scurtpe2.ro\/index.php?rest_route=\/wp\/v2\/posts\/21780","targetHints":{"allow":["GET"]}}],"collection":[{"href":"https:\/\/scurtpe2.ro\/index.php?rest_route=\/wp\/v2\/posts"}],"about":[{"href":"https:\/\/scurtpe2.ro\/index.php?rest_route=\/wp\/v2\/types\/post"}],"author":[{"embeddable":true,"href":"https:\/\/scurtpe2.ro\/index.php?rest_route=\/wp\/v2\/users\/4"}],"replies":[{"embeddable":true,"href":"https:\/\/scurtpe2.ro\/index.php?rest_route=%2Fwp%2Fv2%2Fcomments&post=21780"}],"version-history":[{"count":1,"href":"https:\/\/scurtpe2.ro\/index.php?rest_route=\/wp\/v2\/posts\/21780\/revisions"}],"predecessor-version":[{"id":21781,"href":"https:\/\/scurtpe2.ro\/index.php?rest_route=\/wp\/v2\/posts\/21780\/revisions\/21781"}],"wp:featuredmedia":[{"embeddable":true,"href":"https:\/\/scurtpe2.ro\/index.php?rest_route=\/wp\/v2\/media\/18979"}],"wp:attachment":[{"href":"https:\/\/scurtpe2.ro\/index.php?rest_route=%2Fwp%2Fv2%2Fmedia&parent=21780"}],"wp:term":[{"taxonomy":"category","embeddable":true,"href":"https:\/\/scurtpe2.ro\/index.php?rest_route=%2Fwp%2Fv2%2Fcategories&post=21780"},{"taxonomy":"post_tag","embeddable":true,"href":"https:\/\/scurtpe2.ro\/index.php?rest_route=%2Fwp%2Fv2%2Ftags&post=21780"}],"curies":[{"name":"wp","href":"https:\/\/api.w.org\/{rel}","templated":true}]}}