{"id":21774,"date":"2025-02-07T20:24:48","date_gmt":"2025-02-07T17:24:48","guid":{"rendered":"https:\/\/scurtpe2.ro\/?p=21774"},"modified":"2025-02-07T20:24:48","modified_gmt":"2025-02-07T17:24:48","slug":"plan-pentru-servicii-sociale-de-calitate","status":"publish","type":"post","link":"https:\/\/scurtpe2.ro\/?p=21774","title":{"rendered":"PLAN PENTRU SERVICII SOCIALE DE CALITATE"},"content":{"rendered":"<p>Consiliul Local Municipal R\u00e2mnicu S\u0103rat a aprobat Planul de ac\u021biune privind serviciile sociale ce vor fi furnizate de c\u0103tre Direc\u021bia de Asisten\u021b\u0103 Social\u0103, \u00een anul 2025, \u00een vederea administr\u0103rii \u0219i finan\u021b\u0103rii acestora, din bugetul local. Planul are ca scop furnizarea unor servicii sociale de calitate care s\u0103 conduc\u0103 la \u00eembun\u0103t\u0103\u021birea vie\u021bii familiilor \u0219i persoanelor vulnerabile, f\u0103r\u0103 venituri sau cu venituri foarte mici, precum \u0219i a altor categorii de persoane din comunitatea local\u0103.<\/p>\n<p>Direc\u021bia de Asisten\u021b\u0103 Social\u0103 are rolul de a identifica \u0219i solu\u021biona problemele sociale ale comunit\u0103\u021bii din domeniul protec\u021biei copilului, familiei, persoanelor singure, v\u00e2rstnice, a celor cu handicap, precum \u0219i a altor pesoane aflate \u00een nevoie. Institu\u021bia are \u00een administrare Centrul de Zi ,,Piticii&#8221;\u009d, cu o capacitate de 15 locuri, Cantina de Ajutor Social, dar \u0219i Serviciul de asisten\u021b\u0103 comunitar\u0103.<\/p>\n","protected":false},"excerpt":{"rendered":"<p>Consiliul Local Municipal R\u00e2mnicu S\u0103rat a aprobat Planul de ac\u021biune privind serviciile sociale ce vor fi furnizate de c\u0103tre Direc\u021bia de Asisten\u021b\u0103 Social\u0103, \u00een anul 2025, \u00een vederea administr\u0103rii \u0219i finan\u021b\u0103rii acestora, din bugetul local. Planul are ca scop furnizarea unor servicii sociale de calitate care s\u0103 conduc\u0103 la \u00eembun\u0103t\u0103\u021birea vie\u021bii familiilor \u0219i persoanelor vulnerabile, f\u0103r\u0103 venituri sau cu venituri foarte mici, precum \u0219i a altor categorii de persoane din comunitatea local\u0103. Direc\u021bia de Asisten\u021b\u0103 Social\u0103 are rolul de a identifica \u0219i solu\u021biona problemele sociale ale comunit\u0103\u021bii din domeniul protec\u021biei&hellip;<\/p>\n","protected":false},"author":4,"featured_media":19479,"comment_status":"closed","ping_status":"closed","sticky":false,"template":"","format":"standard","meta":{"footnotes":""},"categories":[173],"tags":[938,574,1275,7870],"class_list":["post-21774","post","type-post","status-publish","format-standard","has-post-thumbnail","hentry","category-administrativ","tag-asistenta-sociala","tag-buget","tag-consiliu-local","tag-probleme-sociale"],"gutentor_comment":0,"_links":{"self":[{"href":"https:\/\/scurtpe2.ro\/index.php?rest_route=\/wp\/v2\/posts\/21774","targetHints":{"allow":["GET"]}}],"collection":[{"href":"https:\/\/scurtpe2.ro\/index.php?rest_route=\/wp\/v2\/posts"}],"about":[{"href":"https:\/\/scurtpe2.ro\/index.php?rest_route=\/wp\/v2\/types\/post"}],"author":[{"embeddable":true,"href":"https:\/\/scurtpe2.ro\/index.php?rest_route=\/wp\/v2\/users\/4"}],"replies":[{"embeddable":true,"href":"https:\/\/scurtpe2.ro\/index.php?rest_route=%2Fwp%2Fv2%2Fcomments&post=21774"}],"version-history":[{"count":1,"href":"https:\/\/scurtpe2.ro\/index.php?rest_route=\/wp\/v2\/posts\/21774\/revisions"}],"predecessor-version":[{"id":21775,"href":"https:\/\/scurtpe2.ro\/index.php?rest_route=\/wp\/v2\/posts\/21774\/revisions\/21775"}],"wp:featuredmedia":[{"embeddable":true,"href":"https:\/\/scurtpe2.ro\/index.php?rest_route=\/wp\/v2\/media\/19479"}],"wp:attachment":[{"href":"https:\/\/scurtpe2.ro\/index.php?rest_route=%2Fwp%2Fv2%2Fmedia&parent=21774"}],"wp:term":[{"taxonomy":"category","embeddable":true,"href":"https:\/\/scurtpe2.ro\/index.php?rest_route=%2Fwp%2Fv2%2Fcategories&post=21774"},{"taxonomy":"post_tag","embeddable":true,"href":"https:\/\/scurtpe2.ro\/index.php?rest_route=%2Fwp%2Fv2%2Ftags&post=21774"}],"curies":[{"name":"wp","href":"https:\/\/api.w.org\/{rel}","templated":true}]}}