{"id":21768,"date":"2025-02-07T20:19:37","date_gmt":"2025-02-07T17:19:37","guid":{"rendered":"https:\/\/scurtpe2.ro\/?p=21768"},"modified":"2025-02-07T20:19:37","modified_gmt":"2025-02-07T17:19:37","slug":"prezenti-la-doua-targuri-de-turism","status":"publish","type":"post","link":"https:\/\/scurtpe2.ro\/?p=21768","title":{"rendered":"PREZEN\u021aI LA DOU\u0102 T\u00c3\u201aRGURI DE TURISM"},"content":{"rendered":"<p>\u0218i \u00een acest an, Consiliul Jude\u021bean Buz\u0103u particip\u0103 la dou\u0103 importante t\u00e2rguri de turism. Este vorba despre T\u00e2rgul Interna\u021bional de Turism de la Chi\u0219in\u0103u, care va avea loc \u00een perioada 14&#8243;\u201c16 februarie, \u0219i la T\u00e2rgul de Turism al Rom\u00e2niei, care se va desf\u0103\u0219ura \u00een perioada 20 &#8222;\u201c 23 februarie 2025. Sub sloganul &#8222;\u017eDescoper\u0103 Buz\u0103ul&#8221;\u009d, standul Consiliului Jude\u021bean Buz\u0103u din cadrul T\u00e2rgului de Turism al Rom\u00e2niei va prezenta publicului delicioasele produse tradi\u021bionale rom\u00e2ne\u0219ti, care atrag turi\u0219tii datorit\u0103 gustului intens \u0219i autentic. \u00cen colaborare cu produc\u0103torii locali, vor fi organizate la stand degust\u0103ri de c\u00e2rna\u021bi de Ple\u0219coi, covrigi de Buz\u0103u, ghiudem, babic \u0219i multe altele.<\/p>\n<p>De asemenea, al\u0103turi de produc\u0103torii buzoieni, vor fi organizate degust\u0103ri de vinuri, care cu siguran\u021b\u0103 vor uimi chiar \u0219i cele mai bine antrenate papile gustative. Nu vor lipsi nici momentele artistice \u0219i dansurile tradi\u021bionale din zona noastr\u0103, Ansamblul folcloric Plaiurile Miori\u021bei urm\u00e2nd s\u0103 sus\u021bin\u0103 un moment artistic pe scena T\u00e2rgului de turism chiar \u00een prima zi.<\/p>\n<p>&nbsp;<\/p>\n<p>&nbsp;<\/p>\n","protected":false},"excerpt":{"rendered":"<p>\u0218i \u00een acest an, Consiliul Jude\u021bean Buz\u0103u particip\u0103 la dou\u0103 importante t\u00e2rguri de turism. Este vorba despre T\u00e2rgul Interna\u021bional de Turism de la Chi\u0219in\u0103u, care va avea loc \u00een perioada 14&#8243;\u201c16 februarie, \u0219i la T\u00e2rgul de Turism al Rom\u00e2niei, care se va desf\u0103\u0219ura \u00een perioada 20 &#8222;\u201c 23 februarie 2025. Sub sloganul &#8222;\u017eDescoper\u0103 Buz\u0103ul&#8221;\u009d, standul Consiliului Jude\u021bean Buz\u0103u din cadrul T\u00e2rgului de Turism al Rom\u00e2niei va prezenta publicului delicioasele produse tradi\u021bionale rom\u00e2ne\u0219ti, care atrag turi\u0219tii datorit\u0103 gustului intens \u0219i autentic. \u00cen colaborare cu produc\u0103torii locali, vor fi organizate la stand&hellip;<\/p>\n","protected":false},"author":4,"featured_media":21769,"comment_status":"closed","ping_status":"closed","sticky":false,"template":"","format":"standard","meta":{"footnotes":""},"categories":[173,168],"tags":[4662,523,7869],"class_list":["post-21768","post","type-post","status-publish","format-standard","has-post-thumbnail","hentry","category-administrativ","category-informatia-de-buzau","tag-chisinau","tag-consiliu-judetean","tag-tragul-de-turism"],"gutentor_comment":0,"_links":{"self":[{"href":"https:\/\/scurtpe2.ro\/index.php?rest_route=\/wp\/v2\/posts\/21768","targetHints":{"allow":["GET"]}}],"collection":[{"href":"https:\/\/scurtpe2.ro\/index.php?rest_route=\/wp\/v2\/posts"}],"about":[{"href":"https:\/\/scurtpe2.ro\/index.php?rest_route=\/wp\/v2\/types\/post"}],"author":[{"embeddable":true,"href":"https:\/\/scurtpe2.ro\/index.php?rest_route=\/wp\/v2\/users\/4"}],"replies":[{"embeddable":true,"href":"https:\/\/scurtpe2.ro\/index.php?rest_route=%2Fwp%2Fv2%2Fcomments&post=21768"}],"version-history":[{"count":1,"href":"https:\/\/scurtpe2.ro\/index.php?rest_route=\/wp\/v2\/posts\/21768\/revisions"}],"predecessor-version":[{"id":21770,"href":"https:\/\/scurtpe2.ro\/index.php?rest_route=\/wp\/v2\/posts\/21768\/revisions\/21770"}],"wp:featuredmedia":[{"embeddable":true,"href":"https:\/\/scurtpe2.ro\/index.php?rest_route=\/wp\/v2\/media\/21769"}],"wp:attachment":[{"href":"https:\/\/scurtpe2.ro\/index.php?rest_route=%2Fwp%2Fv2%2Fmedia&parent=21768"}],"wp:term":[{"taxonomy":"category","embeddable":true,"href":"https:\/\/scurtpe2.ro\/index.php?rest_route=%2Fwp%2Fv2%2Fcategories&post=21768"},{"taxonomy":"post_tag","embeddable":true,"href":"https:\/\/scurtpe2.ro\/index.php?rest_route=%2Fwp%2Fv2%2Ftags&post=21768"}],"curies":[{"name":"wp","href":"https:\/\/api.w.org\/{rel}","templated":true}]}}