{"id":21766,"date":"2025-02-06T19:28:24","date_gmt":"2025-02-06T16:28:24","guid":{"rendered":"https:\/\/scurtpe2.ro\/?p=21766"},"modified":"2025-02-06T19:28:24","modified_gmt":"2025-02-06T16:28:24","slug":"masuri-drastice","status":"publish","type":"post","link":"https:\/\/scurtpe2.ro\/?p=21766","title":{"rendered":"M\u0102SURI DRASTICE"},"content":{"rendered":"<p>Se anun\u021b\u0103 m\u0103suri dure \u00een cadrul unor societ\u0103\u021bi aflate \u00een subordinea Prim\u0103riei Buz\u0103u. Este vorba despre concedieri, dar \u0219i despre reduceri semnificative de cheltuieli. De exemplu, la Trans Bus, mai multe curse ale autobuzelor de pe rute din mediul rural ar urma s\u0103 fie anulate. Aceast\u0103 m\u0103sur\u0103 ar aduce, potrivit primarului Constantin Toma, economii de 1 milion de euro la bugetul local. Tot la capitolul transport, pre\u021bul biletelor \u0219i abonamentelor ar urma s\u0103 creasc\u0103.<\/p>\n<p>La Urbis Serv, o alt\u0103 societate aflat\u0103 \u00een subordinea Prim\u0103riei, Buz\u0103u se anun\u021b\u0103 concedieri colective. \u0218i Compania de Ap\u0103 a luat deja unele m\u0103suri.<\/p>\n<p>M\u0103surile de reorganizare a institu\u021biilor, impuse de c\u0103tre Guvern tocmai pentru a mai reduce cheltuielile bugetare determin\u0103 Prim\u0103ria Buz\u0103u s\u0103 ia m\u0103suri draconice \u0219i \u00een ceea ce prive\u0219te clubul SCM Gloria Buz\u0103u.<\/p>\n<p>Concedieri se anun\u021b\u0103 \u0219i \u00een cadrul Centrului Cultural \u0219i Educa\u021bional &#8222;\u017eAlexandru Marghiloman&#8221;\u009d Buz\u0103u, dar \u0219i la societatea Ram Termo Verde, \u00eenfiin\u021bat\u0103 de Prim\u0103ria Buz\u0103u \u00een octombrie 2020.<\/p>\n","protected":false},"excerpt":{"rendered":"<p>Se anun\u021b\u0103 m\u0103suri dure \u00een cadrul unor societ\u0103\u021bi aflate \u00een subordinea Prim\u0103riei Buz\u0103u. Este vorba despre concedieri, dar \u0219i despre reduceri semnificative de cheltuieli. De exemplu, la Trans Bus, mai multe curse ale autobuzelor de pe rute din mediul rural ar urma s\u0103 fie anulate. Aceast\u0103 m\u0103sur\u0103 ar aduce, potrivit primarului Constantin Toma, economii de 1 milion de euro la bugetul local. Tot la capitolul transport, pre\u021bul biletelor \u0219i abonamentelor ar urma s\u0103 creasc\u0103. La Urbis Serv, o alt\u0103 societate aflat\u0103 \u00een subordinea Prim\u0103riei, Buz\u0103u se anun\u021b\u0103 concedieri colective. \u0218i&hellip;<\/p>\n","protected":false},"author":4,"featured_media":15939,"comment_status":"closed","ping_status":"closed","sticky":false,"template":"","format":"standard","meta":{"footnotes":""},"categories":[173,168],"tags":[1513,1492,530,4839],"class_list":["post-21766","post","type-post","status-publish","format-standard","has-post-thumbnail","hentry","category-administrativ","category-informatia-de-buzau","tag-cheltuieli","tag-concedieri","tag-primaria-buzau","tag-trans-bus"],"gutentor_comment":0,"_links":{"self":[{"href":"https:\/\/scurtpe2.ro\/index.php?rest_route=\/wp\/v2\/posts\/21766","targetHints":{"allow":["GET"]}}],"collection":[{"href":"https:\/\/scurtpe2.ro\/index.php?rest_route=\/wp\/v2\/posts"}],"about":[{"href":"https:\/\/scurtpe2.ro\/index.php?rest_route=\/wp\/v2\/types\/post"}],"author":[{"embeddable":true,"href":"https:\/\/scurtpe2.ro\/index.php?rest_route=\/wp\/v2\/users\/4"}],"replies":[{"embeddable":true,"href":"https:\/\/scurtpe2.ro\/index.php?rest_route=%2Fwp%2Fv2%2Fcomments&post=21766"}],"version-history":[{"count":1,"href":"https:\/\/scurtpe2.ro\/index.php?rest_route=\/wp\/v2\/posts\/21766\/revisions"}],"predecessor-version":[{"id":21767,"href":"https:\/\/scurtpe2.ro\/index.php?rest_route=\/wp\/v2\/posts\/21766\/revisions\/21767"}],"wp:featuredmedia":[{"embeddable":true,"href":"https:\/\/scurtpe2.ro\/index.php?rest_route=\/wp\/v2\/media\/15939"}],"wp:attachment":[{"href":"https:\/\/scurtpe2.ro\/index.php?rest_route=%2Fwp%2Fv2%2Fmedia&parent=21766"}],"wp:term":[{"taxonomy":"category","embeddable":true,"href":"https:\/\/scurtpe2.ro\/index.php?rest_route=%2Fwp%2Fv2%2Fcategories&post=21766"},{"taxonomy":"post_tag","embeddable":true,"href":"https:\/\/scurtpe2.ro\/index.php?rest_route=%2Fwp%2Fv2%2Ftags&post=21766"}],"curies":[{"name":"wp","href":"https:\/\/api.w.org\/{rel}","templated":true}]}}