{"id":21735,"date":"2025-02-03T19:24:24","date_gmt":"2025-02-03T16:24:24","guid":{"rendered":"https:\/\/scurtpe2.ro\/?p=21735"},"modified":"2025-02-03T19:24:24","modified_gmt":"2025-02-03T16:24:24","slug":"afectate-de-schimbarile-climatice","status":"publish","type":"post","link":"https:\/\/scurtpe2.ro\/?p=21735","title":{"rendered":"AFECTATE DE SCHIMB\u0102RILE CLIMATICE"},"content":{"rendered":"<p>De c\u00e2\u021biva ani, \u00een Rom\u00e2nia, se pare c\u0103 nu mai avem 4 anotimpuri, ci ne-am limitat la dou\u0103 \u0219i jum\u0103tate. Vorbim despre prim\u0103var\u0103, var\u0103 \u0219i, ceva mai timid, toamn\u0103. Schimb\u0103rile climatice sunt \u00eens\u0103 resim\u021bite din plin de c\u0103tre agricultori, care depind \u00een mare m\u0103sur\u0103 de vreme pentru a avea produc\u021bii mai bune. Din cauza anomaliilor climatice, pomii fructiferi sufer\u0103 \u00een perioada de vegeta\u021bie. C\u00e2nd iarna este mai cald\u0103, procesele vegetative sunt gr\u0103bite \u0219i riscul este mai mare ca \u00eenflorirea \u0219i \u00eenmugurirea, produse \u00een prima parte a prim\u0103verii, s\u0103 fie perturbate de brum\u0103. Reprezentan\u021bii Direc\u021biei Agricole Buz\u0103u spun c\u0103 \u0219i viile au de suferit din cauza temperaturilor atipice.<\/p>\n<p>Speciali\u0219tii spun c\u0103 vremea ar putea reveni pe f\u0103ga\u0219 normal pentru urm\u0103toarea perioad\u0103, atunci c\u00e2nd se anun\u021b\u0103 o revenire a iernii autentice, cu temperaturi sc\u0103zute \u0219i posibile precipita\u021bii sub form\u0103 de lapovi\u021b\u0103 \u00een unele zone.<\/p>\n<p>Agricultorii spun c\u0103 nu doar pomii fructiferi sunt expu\u0219i pericolului, din cauza fluctua\u021biilor de temperatur\u0103, ci \u0219i culturile de gr\u00e2u, orz \u0219i rapi\u021b\u0103.<\/p>\n","protected":false},"excerpt":{"rendered":"<p>De c\u00e2\u021biva ani, \u00een Rom\u00e2nia, se pare c\u0103 nu mai avem 4 anotimpuri, ci ne-am limitat la dou\u0103 \u0219i jum\u0103tate. Vorbim despre prim\u0103var\u0103, var\u0103 \u0219i, ceva mai timid, toamn\u0103. Schimb\u0103rile climatice sunt \u00eens\u0103 resim\u021bite din plin de c\u0103tre agricultori, care depind \u00een mare m\u0103sur\u0103 de vreme pentru a avea produc\u021bii mai bune. Din cauza anomaliilor climatice, pomii fructiferi sufer\u0103 \u00een perioada de vegeta\u021bie. C\u00e2nd iarna este mai cald\u0103, procesele vegetative sunt gr\u0103bite \u0219i riscul este mai mare ca \u00eenflorirea \u0219i \u00eenmugurirea, produse \u00een prima parte a prim\u0103verii, s\u0103 fie perturbate&hellip;<\/p>\n","protected":false},"author":4,"featured_media":21736,"comment_status":"closed","ping_status":"closed","sticky":false,"template":"","format":"standard","meta":{"footnotes":""},"categories":[168,165],"tags":[645,7857,7657,7856,1337],"class_list":["post-21735","post","type-post","status-publish","format-standard","has-post-thumbnail","hentry","category-informatia-de-buzau","category-informatia-de-ramnic","tag-agricultura","tag-anotimp","tag-clima","tag-pomicultura","tag-vegetatie"],"gutentor_comment":0,"_links":{"self":[{"href":"https:\/\/scurtpe2.ro\/index.php?rest_route=\/wp\/v2\/posts\/21735","targetHints":{"allow":["GET"]}}],"collection":[{"href":"https:\/\/scurtpe2.ro\/index.php?rest_route=\/wp\/v2\/posts"}],"about":[{"href":"https:\/\/scurtpe2.ro\/index.php?rest_route=\/wp\/v2\/types\/post"}],"author":[{"embeddable":true,"href":"https:\/\/scurtpe2.ro\/index.php?rest_route=\/wp\/v2\/users\/4"}],"replies":[{"embeddable":true,"href":"https:\/\/scurtpe2.ro\/index.php?rest_route=%2Fwp%2Fv2%2Fcomments&post=21735"}],"version-history":[{"count":1,"href":"https:\/\/scurtpe2.ro\/index.php?rest_route=\/wp\/v2\/posts\/21735\/revisions"}],"predecessor-version":[{"id":21737,"href":"https:\/\/scurtpe2.ro\/index.php?rest_route=\/wp\/v2\/posts\/21735\/revisions\/21737"}],"wp:featuredmedia":[{"embeddable":true,"href":"https:\/\/scurtpe2.ro\/index.php?rest_route=\/wp\/v2\/media\/21736"}],"wp:attachment":[{"href":"https:\/\/scurtpe2.ro\/index.php?rest_route=%2Fwp%2Fv2%2Fmedia&parent=21735"}],"wp:term":[{"taxonomy":"category","embeddable":true,"href":"https:\/\/scurtpe2.ro\/index.php?rest_route=%2Fwp%2Fv2%2Fcategories&post=21735"},{"taxonomy":"post_tag","embeddable":true,"href":"https:\/\/scurtpe2.ro\/index.php?rest_route=%2Fwp%2Fv2%2Ftags&post=21735"}],"curies":[{"name":"wp","href":"https:\/\/api.w.org\/{rel}","templated":true}]}}