{"id":21721,"date":"2025-01-31T21:21:25","date_gmt":"2025-01-31T18:21:25","guid":{"rendered":"https:\/\/scurtpe2.ro\/?p=21721"},"modified":"2025-01-31T21:21:25","modified_gmt":"2025-01-31T18:21:25","slug":"pensionari-la-termen-sau-la-comanda","status":"publish","type":"post","link":"https:\/\/scurtpe2.ro\/?p=21721","title":{"rendered":"PENSION\u0102RI LA TERMEN SAU&#8230; LA COMAND\u0102"},"content":{"rendered":"<p>Organigrama la Consiliul Jude\u021bean Buz\u0103u se sub\u021biaz\u0103, dar f\u0103r\u0103 s\u0103 se fac\u0103 disponibiliz\u0103ri. Mai exact, mai mul\u021bi angaja\u021bi ai institu\u021biei vor ie\u0219i la pensie. Unii la limit\u0103 de v\u00e2rst\u0103, al\u021bii la pensie anticipat\u0103, care au avut de ales dac\u0103 s\u0103 mai lucreze \u00een Consiliul Jude\u021bean Buz\u0103u sau s\u0103 devin\u0103 proasp\u0103t pensionari. Pre\u0219edintele Lucian Roma\u0219canu afirm\u0103 c\u0103, \u00een contextul m\u0103surilor de reducere a cheltuielilor din sectorul de stat, la nivelul institu\u021biei nu vor fi operate disponibiliz\u0103ri, ci doar rea\u0219ez\u0103ri de structuri astfel \u00eenc\u00e2t s\u0103 fie optimizat\u0103 activitatea Consiliului.<\/p>\n<p>Mai exact, activitatea Consiliului Jude\u021bean Buz\u0103u va fi ,,dinamizat\u0103&#8221;\u009d, prin plecarea a 8 angaja\u021bi din sistem, prin pensionare, p\u00e2n\u0103 la finalul lunii februarie. \u00cen cazul persoanelor care au primit decizia de pensionare anticipat\u0103, acestea fie \u00ee\u0219i sisteaz\u0103 dreptul de a primi pensie \u0219i lucreaz\u0103 \u00een continuare p\u00e2n\u0103 la limita de v\u00e2rst\u0103, fie r\u0103m\u00e2n acas\u0103 \u0219i \u00ee\u0219i a\u0219teapt\u0103 pensia.<\/p>\n<p>Conform unor surse din Consiliul Jude\u021bean Buz\u0103u, plec\u0103ri se mai anun\u021b\u0103 \u0219i \u00een cadrul uneia dintre societ\u0103\u021bile subordonate institu\u021biei. Este vorba despre Domenii Prest, care ar urma ca de la 1 martie s\u0103 aib\u0103 un nou director. Bogdan Ene, cel care a condus societatea din 2016, ar urma s\u0103-\u0219i \u00eencheie activitatea tot la finele lunii februarie. Societatea Domenii Prest\u00c2\u00a0 a fost \u00eenfiin\u021bat\u0103 \u00een 2014, dup\u0103 modelul Urbis Serv a municipalit\u0103\u021bii.<\/p>\n","protected":false},"excerpt":{"rendered":"<p>Organigrama la Consiliul Jude\u021bean Buz\u0103u se sub\u021biaz\u0103, dar f\u0103r\u0103 s\u0103 se fac\u0103 disponibiliz\u0103ri. Mai exact, mai mul\u021bi angaja\u021bi ai institu\u021biei vor ie\u0219i la pensie. Unii la limit\u0103 de v\u00e2rst\u0103, al\u021bii la pensie anticipat\u0103, care au avut de ales dac\u0103 s\u0103 mai lucreze \u00een Consiliul Jude\u021bean Buz\u0103u sau s\u0103 devin\u0103 proasp\u0103t pensionari. Pre\u0219edintele Lucian Roma\u0219canu afirm\u0103 c\u0103, \u00een contextul m\u0103surilor de reducere a cheltuielilor din sectorul de stat, la nivelul institu\u021biei nu vor fi operate disponibiliz\u0103ri, ci doar rea\u0219ez\u0103ri de structuri astfel \u00eenc\u00e2t s\u0103 fie optimizat\u0103 activitatea Consiliului. Mai exact, activitatea&hellip;<\/p>\n","protected":false},"author":4,"featured_media":15299,"comment_status":"closed","ping_status":"closed","sticky":false,"template":"","format":"standard","meta":{"footnotes":""},"categories":[173,168],"tags":[523,7853,7854,3384],"class_list":["post-21721","post","type-post","status-publish","format-standard","has-post-thumbnail","hentry","category-administrativ","category-informatia-de-buzau","tag-consiliu-judetean","tag-disponibilizari","tag-domenii-prest","tag-pensie"],"gutentor_comment":0,"_links":{"self":[{"href":"https:\/\/scurtpe2.ro\/index.php?rest_route=\/wp\/v2\/posts\/21721","targetHints":{"allow":["GET"]}}],"collection":[{"href":"https:\/\/scurtpe2.ro\/index.php?rest_route=\/wp\/v2\/posts"}],"about":[{"href":"https:\/\/scurtpe2.ro\/index.php?rest_route=\/wp\/v2\/types\/post"}],"author":[{"embeddable":true,"href":"https:\/\/scurtpe2.ro\/index.php?rest_route=\/wp\/v2\/users\/4"}],"replies":[{"embeddable":true,"href":"https:\/\/scurtpe2.ro\/index.php?rest_route=%2Fwp%2Fv2%2Fcomments&post=21721"}],"version-history":[{"count":1,"href":"https:\/\/scurtpe2.ro\/index.php?rest_route=\/wp\/v2\/posts\/21721\/revisions"}],"predecessor-version":[{"id":21722,"href":"https:\/\/scurtpe2.ro\/index.php?rest_route=\/wp\/v2\/posts\/21721\/revisions\/21722"}],"wp:featuredmedia":[{"embeddable":true,"href":"https:\/\/scurtpe2.ro\/index.php?rest_route=\/wp\/v2\/media\/15299"}],"wp:attachment":[{"href":"https:\/\/scurtpe2.ro\/index.php?rest_route=%2Fwp%2Fv2%2Fmedia&parent=21721"}],"wp:term":[{"taxonomy":"category","embeddable":true,"href":"https:\/\/scurtpe2.ro\/index.php?rest_route=%2Fwp%2Fv2%2Fcategories&post=21721"},{"taxonomy":"post_tag","embeddable":true,"href":"https:\/\/scurtpe2.ro\/index.php?rest_route=%2Fwp%2Fv2%2Ftags&post=21721"}],"curies":[{"name":"wp","href":"https:\/\/api.w.org\/{rel}","templated":true}]}}