{"id":21719,"date":"2025-01-31T21:19:15","date_gmt":"2025-01-31T18:19:15","guid":{"rendered":"https:\/\/scurtpe2.ro\/?p=21719"},"modified":"2025-01-31T21:19:15","modified_gmt":"2025-01-31T18:19:15","slug":"masuri-urgente-ca-n-covid","status":"publish","type":"post","link":"https:\/\/scurtpe2.ro\/?p=21719","title":{"rendered":"M\u0102SURI URGENTE, CA-N COVID"},"content":{"rendered":"<p>Autorit\u0103\u021bile sanitare buzoiene impun m\u0103suri urgente ca urmare a cre\u0219terii num\u0103rului de cazuri de grip\u0103 din jude\u021b. Pacien\u021bii cu probleme respiratorii vor avea la dispozi\u021bie \u0219i centrul de \u00c2\u00a0evaluare din interiorul Policlinicii &#8222;\u017eNicolae Titulescu&#8221;, din municipiul Buz\u0103u. Acesta va func\u021biona doar de luni p\u00e2n\u0103 vineri, \u00een weekend fiind \u00eenchis. S\u00e2mb\u0103t\u0103 \u0219i duminic\u0103, activitatea centrului va fi preluat\u0103 de c\u0103tre unele sec\u021bii ale Spitalului Jude\u021bean de Urgen\u021b\u0103 Buz\u0103u.<\/p>\n<p>Tot pe fondul cre\u0219terii num\u0103rului de cazuri de grip\u0103, Spitalul Judetean de Urgen\u021b\u0103 a decis s\u0103 modifice programul de vizite.<\/p>\n<p>De asemenea, Spitalul Jude\u021bean are preg\u0103tite 75 paturi pentru izolarea pacien\u021bilor cu infec\u021bii respiratorii acute. Num\u0103rul de paturi ar putea fi suplimentat dac\u0103 situa\u021bia epidemiologic\u0103 o va impune.<\/p>\n","protected":false},"excerpt":{"rendered":"<p>Autorit\u0103\u021bile sanitare buzoiene impun m\u0103suri urgente ca urmare a cre\u0219terii num\u0103rului de cazuri de grip\u0103 din jude\u021b. Pacien\u021bii cu probleme respiratorii vor avea la dispozi\u021bie \u0219i centrul de \u00c2\u00a0evaluare din interiorul Policlinicii &#8222;\u017eNicolae Titulescu&#8221;, din municipiul Buz\u0103u. Acesta va func\u021biona doar de luni p\u00e2n\u0103 vineri, \u00een weekend fiind \u00eenchis. S\u00e2mb\u0103t\u0103 \u0219i duminic\u0103, activitatea centrului va fi preluat\u0103 de c\u0103tre unele sec\u021bii ale Spitalului Jude\u021bean de Urgen\u021b\u0103 Buz\u0103u. Tot pe fondul cre\u0219terii num\u0103rului de cazuri de grip\u0103, Spitalul Judetean de Urgen\u021b\u0103 a decis s\u0103 modifice programul de vizite. De asemenea, Spitalul&hellip;<\/p>\n","protected":false},"author":4,"featured_media":17245,"comment_status":"closed","ping_status":"closed","sticky":false,"template":"","format":"standard","meta":{"footnotes":""},"categories":[168],"tags":[272,397,5997,198,1303,294],"class_list":["post-21719","post","type-post","status-publish","format-standard","has-post-thumbnail","hentry","category-informatia-de-buzau","tag-bolnavi","tag-covid","tag-infectii-respiratorii","tag-pacienti","tag-policlinica","tag-spital"],"gutentor_comment":0,"_links":{"self":[{"href":"https:\/\/scurtpe2.ro\/index.php?rest_route=\/wp\/v2\/posts\/21719","targetHints":{"allow":["GET"]}}],"collection":[{"href":"https:\/\/scurtpe2.ro\/index.php?rest_route=\/wp\/v2\/posts"}],"about":[{"href":"https:\/\/scurtpe2.ro\/index.php?rest_route=\/wp\/v2\/types\/post"}],"author":[{"embeddable":true,"href":"https:\/\/scurtpe2.ro\/index.php?rest_route=\/wp\/v2\/users\/4"}],"replies":[{"embeddable":true,"href":"https:\/\/scurtpe2.ro\/index.php?rest_route=%2Fwp%2Fv2%2Fcomments&post=21719"}],"version-history":[{"count":1,"href":"https:\/\/scurtpe2.ro\/index.php?rest_route=\/wp\/v2\/posts\/21719\/revisions"}],"predecessor-version":[{"id":21720,"href":"https:\/\/scurtpe2.ro\/index.php?rest_route=\/wp\/v2\/posts\/21719\/revisions\/21720"}],"wp:featuredmedia":[{"embeddable":true,"href":"https:\/\/scurtpe2.ro\/index.php?rest_route=\/wp\/v2\/media\/17245"}],"wp:attachment":[{"href":"https:\/\/scurtpe2.ro\/index.php?rest_route=%2Fwp%2Fv2%2Fmedia&parent=21719"}],"wp:term":[{"taxonomy":"category","embeddable":true,"href":"https:\/\/scurtpe2.ro\/index.php?rest_route=%2Fwp%2Fv2%2Fcategories&post=21719"},{"taxonomy":"post_tag","embeddable":true,"href":"https:\/\/scurtpe2.ro\/index.php?rest_route=%2Fwp%2Fv2%2Ftags&post=21719"}],"curies":[{"name":"wp","href":"https:\/\/api.w.org\/{rel}","templated":true}]}}