{"id":21717,"date":"2025-01-31T21:00:53","date_gmt":"2025-01-31T18:00:53","guid":{"rendered":"https:\/\/scurtpe2.ro\/?p=21717"},"modified":"2025-01-31T21:00:53","modified_gmt":"2025-01-31T18:00:53","slug":"de-ziua-lecturii","status":"publish","type":"post","link":"https:\/\/scurtpe2.ro\/?p=21717","title":{"rendered":"DE ZIUA LECTURII"},"content":{"rendered":"<p class=\"yiv3789772649ydp57396f5fmsonormal\" style=\"background: white;\"><span lang=\"EN-US\" style=\"font-size: 18.0pt; color: #1d2228;\">\u0218i Biblioteca Municipal\u0103 ,,Corneliu Coposu&#8221;\u009d din R\u00e2mnicu S\u0103rat va marca Ziua Na\u021bional\u0103 a lecturii. \u00cen cadrul Clubului de lectur\u0103 se vor desf\u0103\u0219ura activit\u0103\u021bi de promovare a lecturii, dar va fi organizat\u0103 \u0219i lectur\u0103 public\u0103.\u00c2\u00a0<\/span><\/p>\n<p class=\"yiv3789772649ydp57396f5fmsonormal\" style=\"background: white;\"><span lang=\"EN-US\" style=\"font-size: 18.0pt; color: #1d2228;\">\u00cen Rom\u00e2nia, ziua de 15 februarie a fost stabilit\u0103 ca fiind Ziua Na\u021bional\u0103 a Lecturii. Pe 14 ianuarie 2022, a fost promulgat\u0103 legea prin care s-a decis ca bibliotecile \u0219i institu\u021biile publice cu responsabilit\u0103\u021bi \u00een domeniile educa\u021bie \u0219i cultur\u0103 s\u0103 ofere asisten\u021b\u0103 \u0219i sprijin de specialitate \u00een aceast\u0103 zi, contribuind la \u00eencurajarea lecturii \u00een r\u00e2ndul popula\u021biei. Ziua Na\u021bional\u0103 a Lecturii are, de asemenea, o semnifica\u021bie istoric\u0103. Pe data de 15 februarie, s-au n\u0103scut\u00c2\u00a0dou\u0103 personalit\u0103\u021bi culturale\u00c2\u00a0marcante ale Rom\u00e2niei, care au jucat un rol important \u00een dezvoltarea educa\u021biei rom\u00e2ne\u0219ti, precum \u0219i \u00een promovarea lecturii. Este vorba de Titu Maiorescu, politician \u0219i critic literar, fondatorul societ\u0103\u021bii literare\u00c2\u00a0Junimea, \u0219i Spiru Haret, matematician \u0219i ministru al Educa\u021biei, cunoscut pentru dezvoltarea sistemului educa\u021bional modern al \u021b\u0103rii noastre.<\/span><\/p>\n","protected":false},"excerpt":{"rendered":"<p>\u0218i Biblioteca Municipal\u0103 ,,Corneliu Coposu&#8221;\u009d din R\u00e2mnicu S\u0103rat va marca Ziua Na\u021bional\u0103 a lecturii. \u00cen cadrul Clubului de lectur\u0103 se vor desf\u0103\u0219ura activit\u0103\u021bi de promovare a lecturii, dar va fi organizat\u0103 \u0219i lectur\u0103 public\u0103.\u00c2\u00a0 \u00cen Rom\u00e2nia, ziua de 15 februarie a fost stabilit\u0103 ca fiind Ziua Na\u021bional\u0103 a Lecturii. Pe 14 ianuarie 2022, a fost promulgat\u0103 legea prin care s-a decis ca bibliotecile \u0219i institu\u021biile publice cu responsabilit\u0103\u021bi \u00een domeniile educa\u021bie \u0219i cultur\u0103 s\u0103 ofere asisten\u021b\u0103 \u0219i sprijin de specialitate \u00een aceast\u0103 zi, contribuind la \u00eencurajarea lecturii \u00een r\u00e2ndul popula\u021biei.&hellip;<\/p>\n","protected":false},"author":4,"featured_media":18902,"comment_status":"closed","ping_status":"closed","sticky":false,"template":"","format":"standard","meta":{"footnotes":""},"categories":[165],"tags":[6142,7852,7851,6122],"class_list":["post-21717","post","type-post","status-publish","format-standard","has-post-thumbnail","hentry","category-informatia-de-ramnic","tag-biblioteca-corneliu-coposu","tag-club-de-lectura","tag-spiru-haret","tag-ziua-lecturii"],"gutentor_comment":0,"_links":{"self":[{"href":"https:\/\/scurtpe2.ro\/index.php?rest_route=\/wp\/v2\/posts\/21717","targetHints":{"allow":["GET"]}}],"collection":[{"href":"https:\/\/scurtpe2.ro\/index.php?rest_route=\/wp\/v2\/posts"}],"about":[{"href":"https:\/\/scurtpe2.ro\/index.php?rest_route=\/wp\/v2\/types\/post"}],"author":[{"embeddable":true,"href":"https:\/\/scurtpe2.ro\/index.php?rest_route=\/wp\/v2\/users\/4"}],"replies":[{"embeddable":true,"href":"https:\/\/scurtpe2.ro\/index.php?rest_route=%2Fwp%2Fv2%2Fcomments&post=21717"}],"version-history":[{"count":1,"href":"https:\/\/scurtpe2.ro\/index.php?rest_route=\/wp\/v2\/posts\/21717\/revisions"}],"predecessor-version":[{"id":21718,"href":"https:\/\/scurtpe2.ro\/index.php?rest_route=\/wp\/v2\/posts\/21717\/revisions\/21718"}],"wp:featuredmedia":[{"embeddable":true,"href":"https:\/\/scurtpe2.ro\/index.php?rest_route=\/wp\/v2\/media\/18902"}],"wp:attachment":[{"href":"https:\/\/scurtpe2.ro\/index.php?rest_route=%2Fwp%2Fv2%2Fmedia&parent=21717"}],"wp:term":[{"taxonomy":"category","embeddable":true,"href":"https:\/\/scurtpe2.ro\/index.php?rest_route=%2Fwp%2Fv2%2Fcategories&post=21717"},{"taxonomy":"post_tag","embeddable":true,"href":"https:\/\/scurtpe2.ro\/index.php?rest_route=%2Fwp%2Fv2%2Ftags&post=21717"}],"curies":[{"name":"wp","href":"https:\/\/api.w.org\/{rel}","templated":true}]}}