{"id":21713,"date":"2025-01-31T13:46:08","date_gmt":"2025-01-31T10:46:08","guid":{"rendered":"https:\/\/scurtpe2.ro\/?p=21713"},"modified":"2025-01-31T13:46:08","modified_gmt":"2025-01-31T10:46:08","slug":"anunt-referitor-la-proiectul-de-hotarare-privind-aprobarea-strategiei-integrate-de-dezvoltare-urbana-a-zonei-urbane-functionale-ramnicu-sarat","status":"publish","type":"post","link":"https:\/\/scurtpe2.ro\/?p=21713","title":{"rendered":"<strong>Nr. 4657\/27.01.2025<\/strong>\r\n<p style=\"text-align: center;\"><strong>ANUN\u00c5\u00a2<\/strong><\/p>\r\n<p style=\"text-align: center;\"><strong>Referitor la<\/strong><\/p>\r\n<p style=\"text-align: center;\"><strong>\u00c2\u00a0PROIECTUL DE HOT\u00c4\u201aR\u00c3\u201aRE <\/strong><strong>PRIVIND <\/strong><strong>APROBAREA STRATEGIEI INTEGRATE DE DEZVOLTARE URBAN\u00c4\u201a A ZONEI URBANE FUNC<\/strong><strong>\u021a<\/strong><strong>IONALE R\u00c3\u201aMNICU S\u00c4\u201aRAT<\/strong><\/p>\r\n<p style=\"text-align: center;\"><strong><em>\u00c2\u00a0<\/em><\/strong><\/p>\r\nAv\u0103nd \u00een vedere:\r\n<ul>\r\n \t<li><em>Proiectul de hot\u00c4\u0192r\u0103re<\/em> <em>privind <\/em><em>aprobarea Strategiei Integrate de Dezvoltare Urban\u00c4\u0192 a Zonei Urbane Func<\/em><em>\u021b<\/em><em>ionale R\u0103mnicu S\u00c4\u0192rat<\/em><em>;<\/em><\/li>\r\n \t<li>Anun\u021bul nr. 3040\/20.01.2025 referitor la elaborarea unui proiect de act normativ \u0219i organizarea unei \u00eent\u0103lniri de dezbatere public\u00c4\u0192, \u00een spe\u021b\u00c4\u0192 cu privire la <em>Proiectul de hot\u00c4\u0192r\u0103re privind <\/em><em>aprobarea Strategiei Integrate de Dezvoltare Urban\u00c4\u0192 a Zonei Urbane Func<\/em><em>\u021b<\/em><em>ionale R\u0103mnicu S\u00c4\u0192rat<\/em><em>;<\/em><\/li>\r\n \t<li>\u00c5\u017eedin\u021ba dezbaterii publice organizat\u00c4\u0192 \u00een data de 27.01.2025, ora 13:00, la sediul Prim\u00c4\u0192riei Municipiului R\u0103mnicu S\u00c4\u0192rat, \u00een sala de Consiliu a Prim\u00c4\u0192riei Municipiului R\u0103mnicu S\u00c4\u0192rat, aflat\u00c4\u0192 la adresa: strada Nicolae B\u00c4\u0192lcescu, nr. 1 -\u201c Municipiul R\u0103mnicu S\u00c4\u0192rat, jude\u021bul Buz\u00c4\u0192u;<\/li>\r\n \t<li>Minuta dezbaterii publice nr. 4653\/27.01.2025 a <em>Proiectului de hotarare<\/em> <em>privind <\/em><em>aprobarea Strategiei Integrate de Dezvoltare Urban\u00c4\u0192 a Zonei Urbane Func<\/em><em>\u021b<\/em><em>ionale R\u0103mnicu S\u00c4\u0192rat;<\/em><\/li>\r\n \t<li>prevederile art. 7 alin. (4) \u0219i alin. (13) din Legea nr. 52\/2003 privind transparen\u021ba decizional\u00c4\u0192 \u00een administra\u021bia public\u00c4\u0192, republicat\u00c4\u0192, cu modific\u00c4\u0192rile \u0219i complet\u00c4\u0192rile ulterioare;<\/li>\r\n<\/ul>\r\nPrim\u00c4\u0192ria Municipiului R\u0103mnicu S\u00c4\u0192rat anun\u021b\u00c4\u0192 faptul c\u00c4\u0192 <u>termenul p\u0103n\u00c4\u0192 la care se pot exprima \u00een scris p<\/u><u>ropuneri, sugestii, opinii cu valoare de recomandare pentru proiectul de act normativ supus procedurii de transparen<\/u><u>\u021b<\/u><u>\u00c4\u0192<\/u><u> decizional<\/u><u>\u00c4\u0192<\/u><u> este data de <strong>05.02.2025.<\/strong><\/u>\r\n\r\n<strong>PRIMAR,<\/strong>\r\n\r\n<strong>C\u00ceRJAN SORIN-VALENTIN<\/strong>\r\n\r\n<strong>\u00c2\u00a0<\/strong><strong>\u00c2\u00a0<\/strong>\r\n\r\n<strong>\u00centocmit, <\/strong>\r\n\r\n<strong>Persoan\u00c4\u0192 responsabil\u00c4\u0192 de aplicarea Legii nr. 52\/2003 privind transparen\u021ba decizional\u00c4\u0192 \u00een administra\u021bia public\u00c4\u0192,<\/strong>\r\n\r\n<strong>Consilier Juridic, Corbu Alina-Giorgiana<\/strong>"},"content":{"rendered":"<p><strong>Nr. 4657\/27.01.2025<\/strong><\/p>\n<p style=\"text-align: center;\"><strong>ANUN\u00c5\u00a2<\/strong><\/p>\n<p style=\"text-align: center;\"><strong>Referitor la<\/strong><\/p>\n<p style=\"text-align: center;\"><strong>\u00c2\u00a0PROIECTUL DE HOT\u00c4\u201aR\u00c3\u201aRE <\/strong><strong>PRIVIND <\/strong><strong>APROBAREA STRATEGIEI INTEGRATE DE DEZVOLTARE URBAN\u00c4\u201a A ZONEI URBANE FUNC<\/strong><strong>\u021a<\/strong><strong>IONALE R\u00c3\u201aMNICU S\u00c4\u201aRAT<\/strong><\/p>\n<p style=\"text-align: center;\"><strong><em>\u00c2\u00a0<\/em><\/strong><\/p>\n<p>Av\u0103nd \u00een vedere:<\/p>\n<ul>\n<li><em>Proiectul de hot\u0103r\u0103re<\/em> <em>privind <\/em><em>aprobarea Strategiei Integrate de Dezvoltare Urban\u0103 a Zonei Urbane Func<\/em><em>\u021b<\/em><em>ionale R\u0103mnicu S\u0103rat<\/em><em>;<\/em><\/li>\n<li>Anun\u021bul nr. 3040\/20.01.2025 referitor la elaborarea unui proiect de act normativ \u0219i organizarea unei \u00eent\u0103lniri de dezbatere public\u0103, \u00een spe\u021b\u0103 cu privire la <em>Proiectul de hot\u0103r\u0103re privind <\/em><em>aprobarea Strategiei Integrate de Dezvoltare Urban\u0103 a Zonei Urbane Func<\/em><em>\u021b<\/em><em>ionale R\u0103mnicu S\u0103rat<\/em><em>;<\/em><\/li>\n<li>\u00c5\u017eedin\u021ba dezbaterii publice organizat\u0103 \u00een data de 27.01.2025, ora 13:00, la sediul Prim\u0103riei Municipiului R\u0103mnicu S\u0103rat, \u00een sala de Consiliu a Prim\u0103riei Municipiului R\u0103mnicu S\u0103rat, aflat\u0103 la adresa: strada Nicolae B\u0103lcescu, nr. 1 &#8222;\u201c Municipiul R\u0103mnicu S\u0103rat, jude\u021bul Buz\u0103u;<\/li>\n<li>Minuta dezbaterii publice nr. 4653\/27.01.2025 a <em>Proiectului de hotarare<\/em> <em>privind <\/em><em>aprobarea Strategiei Integrate de Dezvoltare Urban\u0103 a Zonei Urbane Func<\/em><em>\u021b<\/em><em>ionale R\u0103mnicu S\u0103rat;<\/em><\/li>\n<li>prevederile art. 7 alin. (4) \u0219i alin. (13) din Legea nr. 52\/2003 privind transparen\u021ba decizional\u0103 \u00een administra\u021bia public\u0103, republicat\u0103, cu modific\u0103rile \u0219i complet\u0103rile ulterioare;<\/li>\n<\/ul>\n<p>Prim\u0103ria Municipiului R\u0103mnicu S\u0103rat anun\u021b\u0103 faptul c\u0103 <u>termenul p\u0103n\u0103 la care se pot exprima \u00een scris p<\/u><u>ropuneri, sugestii, opinii cu valoare de recomandare pentru proiectul de act normativ supus procedurii de transparen<\/u><u>\u021b<\/u><u>\u0103<\/u><u> decizional<\/u><u>\u0103<\/u><u> este data de <strong>05.02.2025.<\/strong><\/u><\/p>\n<p><strong>PRIMAR,<\/strong><\/p>\n<p><strong>C\u00ceRJAN SORIN-VALENTIN<\/strong><\/p>\n<p><strong>\u00c2\u00a0<\/strong><strong>\u00c2\u00a0<\/strong><\/p>\n<p><strong>\u00centocmit, <\/strong><\/p>\n<p><strong>Persoan\u0103 responsabil\u0103 de aplicarea Legii nr. 52\/2003 privind transparen\u021ba decizional\u0103 \u00een administra\u021bia public\u0103,<\/strong><\/p>\n<p><strong>Consilier Juridic, Corbu Alina-Giorgiana<\/strong><\/p>\n","protected":false},"excerpt":{"rendered":"<p>Nr. 4657\/27.01.2025 ANUN\u00c5\u00a2 Referitor la \u00c2\u00a0PROIECTUL DE HOT\u00c4\u201aR\u00c3\u201aRE PRIVIND APROBAREA STRATEGIEI INTEGRATE DE DEZVOLTARE URBAN\u00c4\u201a A ZONEI URBANE FUNC\u021aIONALE R\u00c3\u201aMNICU S\u00c4\u201aRAT \u00c2\u00a0 Av\u0103nd \u00een vedere: Proiectul de hot\u0103r\u0103re privind aprobarea Strategiei Integrate de Dezvoltare Urban\u0103 a Zonei Urbane Func\u021bionale R\u0103mnicu S\u0103rat; Anun\u021bul nr. 3040\/20.01.2025 referitor la elaborarea unui proiect de act normativ \u0219i organizarea unei \u00eent\u0103lniri de dezbatere public\u0103, \u00een spe\u021b\u0103 cu privire la Proiectul de hot\u0103r\u0103re privind aprobarea Strategiei Integrate de Dezvoltare Urban\u0103 a Zonei Urbane Func\u021bionale R\u0103mnicu S\u0103rat; \u00c5\u017eedin\u021ba dezbaterii publice organizat\u0103 \u00een data de 27.01.2025, ora 13:00,&hellip;<\/p>\n","protected":false},"author":2,"featured_media":14545,"comment_status":"closed","ping_status":"closed","sticky":false,"template":"","format":"standard","meta":{"footnotes":""},"categories":[156],"tags":[],"class_list":["post-21713","post","type-post","status-publish","format-standard","has-post-thumbnail","hentry","category-informare-primaria-rm-sarat"],"gutentor_comment":0,"_links":{"self":[{"href":"https:\/\/scurtpe2.ro\/index.php?rest_route=\/wp\/v2\/posts\/21713","targetHints":{"allow":["GET"]}}],"collection":[{"href":"https:\/\/scurtpe2.ro\/index.php?rest_route=\/wp\/v2\/posts"}],"about":[{"href":"https:\/\/scurtpe2.ro\/index.php?rest_route=\/wp\/v2\/types\/post"}],"author":[{"embeddable":true,"href":"https:\/\/scurtpe2.ro\/index.php?rest_route=\/wp\/v2\/users\/2"}],"replies":[{"embeddable":true,"href":"https:\/\/scurtpe2.ro\/index.php?rest_route=%2Fwp%2Fv2%2Fcomments&post=21713"}],"version-history":[{"count":1,"href":"https:\/\/scurtpe2.ro\/index.php?rest_route=\/wp\/v2\/posts\/21713\/revisions"}],"predecessor-version":[{"id":21714,"href":"https:\/\/scurtpe2.ro\/index.php?rest_route=\/wp\/v2\/posts\/21713\/revisions\/21714"}],"wp:featuredmedia":[{"embeddable":true,"href":"https:\/\/scurtpe2.ro\/index.php?rest_route=\/wp\/v2\/media\/14545"}],"wp:attachment":[{"href":"https:\/\/scurtpe2.ro\/index.php?rest_route=%2Fwp%2Fv2%2Fmedia&parent=21713"}],"wp:term":[{"taxonomy":"category","embeddable":true,"href":"https:\/\/scurtpe2.ro\/index.php?rest_route=%2Fwp%2Fv2%2Fcategories&post=21713"},{"taxonomy":"post_tag","embeddable":true,"href":"https:\/\/scurtpe2.ro\/index.php?rest_route=%2Fwp%2Fv2%2Ftags&post=21713"}],"curies":[{"name":"wp","href":"https:\/\/api.w.org\/{rel}","templated":true}]}}