{"id":21697,"date":"2025-01-30T18:58:13","date_gmt":"2025-01-30T15:58:13","guid":{"rendered":"https:\/\/scurtpe2.ro\/?p=21697"},"modified":"2025-01-30T18:58:13","modified_gmt":"2025-01-30T15:58:13","slug":"un-nou-vicepresedinte-la-consiliul-judetean","status":"publish","type":"post","link":"https:\/\/scurtpe2.ro\/?p=21697","title":{"rendered":"UN NOU VICEPRE\u0218EDINTE LA CONSILIUL JUDETEAN"},"content":{"rendered":"<p>Mutare \u0219oc la numai trei luni de la constituirea Consiliului Jude\u021bean Buz\u0103u. Potrivit unor surse din cadrul institu\u021biei, Claudiu Damian va p\u0103r\u0103si postul de vicepre\u0219edinte, urm\u00e2nd a fi \u00eenlocuit de un alt consilier PSD, Costin Stanciu, pre\u0219edintele al clubului SCM Gloria Buz\u0103u. Acela\u0219i surse sus\u021bin c\u0103 Damian va fi numit secretar de stat \u00een Ministerul Dezvolt\u0103rii, unde va face pereche cu un alt buzoian, Alex Stoica. Viitorul vicepre\u0219edinte al Consiliului Jude\u021bean Buz\u0103u, Costin Stanciu are numai 32 de ani \u0219i a fost director General al Federa\u021biei Rom\u00e2ne de Karate, antrenor la SCM Gloria Buz\u0103u \u0219i director sportiv. Foarte probabil, el va fi numit \u00een noua func\u021bie \u00eentr-o viitoare \u0219edin\u021b\u0103 a Consiliului Jude\u021bean, dup\u0103 plecarea lui Claudiu Damian la Ministerul Dezvolt\u0103rii.<\/p>\n<p>&nbsp;<\/p>\n<p>&nbsp;<\/p>\n","protected":false},"excerpt":{"rendered":"<p>Mutare \u0219oc la numai trei luni de la constituirea Consiliului Jude\u021bean Buz\u0103u. Potrivit unor surse din cadrul institu\u021biei, Claudiu Damian va p\u0103r\u0103si postul de vicepre\u0219edinte, urm\u00e2nd a fi \u00eenlocuit de un alt consilier PSD, Costin Stanciu, pre\u0219edintele al clubului SCM Gloria Buz\u0103u. Acela\u0219i surse sus\u021bin c\u0103 Damian va fi numit secretar de stat \u00een Ministerul Dezvolt\u0103rii, unde va face pereche cu un alt buzoian, Alex Stoica. Viitorul vicepre\u0219edinte al Consiliului Jude\u021bean Buz\u0103u, Costin Stanciu are numai 32 de ani \u0219i a fost director General al Federa\u021biei Rom\u00e2ne de Karate, antrenor&hellip;<\/p>\n","protected":false},"author":4,"featured_media":21698,"comment_status":"closed","ping_status":"closed","sticky":false,"template":"","format":"standard","meta":{"footnotes":""},"categories":[168],"tags":[7637,523,7846,931,5917],"class_list":["post-21697","post","type-post","status-publish","format-standard","has-post-thumbnail","hentry","category-informatia-de-buzau","tag-claudiu-damian","tag-consiliu-judetean","tag-costin-stanciu","tag-gloria-buzau","tag-karate"],"gutentor_comment":0,"_links":{"self":[{"href":"https:\/\/scurtpe2.ro\/index.php?rest_route=\/wp\/v2\/posts\/21697","targetHints":{"allow":["GET"]}}],"collection":[{"href":"https:\/\/scurtpe2.ro\/index.php?rest_route=\/wp\/v2\/posts"}],"about":[{"href":"https:\/\/scurtpe2.ro\/index.php?rest_route=\/wp\/v2\/types\/post"}],"author":[{"embeddable":true,"href":"https:\/\/scurtpe2.ro\/index.php?rest_route=\/wp\/v2\/users\/4"}],"replies":[{"embeddable":true,"href":"https:\/\/scurtpe2.ro\/index.php?rest_route=%2Fwp%2Fv2%2Fcomments&post=21697"}],"version-history":[{"count":1,"href":"https:\/\/scurtpe2.ro\/index.php?rest_route=\/wp\/v2\/posts\/21697\/revisions"}],"predecessor-version":[{"id":21699,"href":"https:\/\/scurtpe2.ro\/index.php?rest_route=\/wp\/v2\/posts\/21697\/revisions\/21699"}],"wp:featuredmedia":[{"embeddable":true,"href":"https:\/\/scurtpe2.ro\/index.php?rest_route=\/wp\/v2\/media\/21698"}],"wp:attachment":[{"href":"https:\/\/scurtpe2.ro\/index.php?rest_route=%2Fwp%2Fv2%2Fmedia&parent=21697"}],"wp:term":[{"taxonomy":"category","embeddable":true,"href":"https:\/\/scurtpe2.ro\/index.php?rest_route=%2Fwp%2Fv2%2Fcategories&post=21697"},{"taxonomy":"post_tag","embeddable":true,"href":"https:\/\/scurtpe2.ro\/index.php?rest_route=%2Fwp%2Fv2%2Ftags&post=21697"}],"curies":[{"name":"wp","href":"https:\/\/api.w.org\/{rel}","templated":true}]}}