{"id":21690,"date":"2025-01-29T18:45:59","date_gmt":"2025-01-29T15:45:59","guid":{"rendered":"https:\/\/scurtpe2.ro\/?p=21690"},"modified":"2025-01-30T18:48:03","modified_gmt":"2025-01-30T15:48:03","slug":"numeroase-evenimente-la-biblioteca-ramniceana","status":"publish","type":"post","link":"https:\/\/scurtpe2.ro\/?p=21690","title":{"rendered":"NUMEROASE EVENIMENTE LA BIBLIOTECA R\u00c3\u201aMNICEAN\u0102"},"content":{"rendered":"<p class=\"yiv7239678843ydp7aa4166cmsonormal\" style=\"background: white;\"><span lang=\"EN-US\" style=\"font-size: 18.0pt; color: #1d2228;\">Evenimente culturale, lans\u0103ri de c\u0103r\u021bi, dar \u0219i conferin\u021be. Sunt doar c\u00e2teva din activit\u0103\u021bile ce vor fi organizate, pe parcursul acestui an, la Biblioteca Municipal\u0103 ,,Corneliu Coposu&#8221;\u009d din R\u00e2mnicu \u00c2\u00a0S\u0103rat. Chiar dac\u0103 se anun\u021b\u0103 o perioad\u0103 financiar\u0103 dificil\u0103, conducerea institu\u021biei de cultur\u0103 precizeaz\u0103 c\u0103 va achizi\u021biona \u0219i carte nou\u0103 pe parcursul anului.<\/span><\/p>\n<p class=\"yiv7239678843ydp7aa4166cmsonormal\" style=\"background: white;\"><span lang=\"EN-US\" style=\"font-size: 18.0pt; color: #1d2228;\">\u0218i \u00een 2025, la Biblioteca Municipal\u0103, vor fi organizate conferin\u021be pe diverse teme, dar \u0219i podcasturi.<\/span><\/p>\n<p class=\"yiv7239678843ydp7aa4166cmsonormal\" style=\"background: white;\"><span lang=\"EN-US\" style=\"font-size: 18.0pt; color: #1d2228;\">Lans\u0103rile de carte se vor afla, \u00een continuare, \u00een agenda bibliotecii. Mai mult, conducerea institu\u021biei inten\u021bioneaz\u0103 s\u0103 realizeze parteneriate cu bibliotecile comunale din apropierea R\u00e2mnicului.<\/span><\/p>\n<p class=\"yiv7239678843ydp7aa4166cmsonormal\" style=\"background: white;\"><span lang=\"EN-US\" style=\"font-size: 18.0pt; color: #1d2228;\">Investi\u021bii semnificative nu sunt prev\u0103zute, deocamdat\u0103, la Biblioteca Municipal\u0103 ,,Corneliu Coposu,, din R\u00e2mnicu S\u0103rat, de\u0219i se impune refacerea gardului \u0219i a fa\u021badei. Probabil, aceste obiective vor fi luate \u00een calcul pentru cea de-a doua parte a anului.<\/span><\/p>\n<p class=\"yiv7239678843ydp7aa4166cmsonormal\" style=\"background: white;\"><span lang=\"EN-US\" style=\"font-size: 18.0pt; color: #1d2228;\">De la \u00eenceputul mandatului, conducerea bibliotecii \u0219i-a propus ca institu\u021bia din Rm S\u0103rat s\u0103 devin\u0103 un adev\u0103rat pol cultural, unde s\u0103 se \u00eent\u00e2lneasc\u0103 iubitorii de cultur\u0103 din zon\u0103.<\/span><\/p>\n","protected":false},"excerpt":{"rendered":"<p>Evenimente culturale, lans\u0103ri de c\u0103r\u021bi, dar \u0219i conferin\u021be. Sunt doar c\u00e2teva din activit\u0103\u021bile ce vor fi organizate, pe parcursul acestui an, la Biblioteca Municipal\u0103 ,,Corneliu Coposu&#8221;\u009d din R\u00e2mnicu \u00c2\u00a0S\u0103rat. Chiar dac\u0103 se anun\u021b\u0103 o perioad\u0103 financiar\u0103 dificil\u0103, conducerea institu\u021biei de cultur\u0103 precizeaz\u0103 c\u0103 va achizi\u021biona \u0219i carte nou\u0103 pe parcursul anului. \u0218i \u00een 2025, la Biblioteca Municipal\u0103, vor fi organizate conferin\u021be pe diverse teme, dar \u0219i podcasturi. Lans\u0103rile de carte se vor afla, \u00een continuare, \u00een agenda bibliotecii. Mai mult, conducerea institu\u021biei inten\u021bioneaz\u0103 s\u0103 realizeze parteneriate cu bibliotecile comunale din&hellip;<\/p>\n","protected":false},"author":4,"featured_media":20716,"comment_status":"closed","ping_status":"closed","sticky":false,"template":"","format":"standard","meta":{"footnotes":""},"categories":[165],"tags":[1505,5839,1011,6937,7068],"class_list":["post-21690","post","type-post","status-publish","format-standard","has-post-thumbnail","hentry","category-informatia-de-ramnic","tag-biblioteca","tag-corneliu-coposu","tag-investitii","tag-lansare-de-carte","tag-podcast"],"gutentor_comment":0,"_links":{"self":[{"href":"https:\/\/scurtpe2.ro\/index.php?rest_route=\/wp\/v2\/posts\/21690","targetHints":{"allow":["GET"]}}],"collection":[{"href":"https:\/\/scurtpe2.ro\/index.php?rest_route=\/wp\/v2\/posts"}],"about":[{"href":"https:\/\/scurtpe2.ro\/index.php?rest_route=\/wp\/v2\/types\/post"}],"author":[{"embeddable":true,"href":"https:\/\/scurtpe2.ro\/index.php?rest_route=\/wp\/v2\/users\/4"}],"replies":[{"embeddable":true,"href":"https:\/\/scurtpe2.ro\/index.php?rest_route=%2Fwp%2Fv2%2Fcomments&post=21690"}],"version-history":[{"count":1,"href":"https:\/\/scurtpe2.ro\/index.php?rest_route=\/wp\/v2\/posts\/21690\/revisions"}],"predecessor-version":[{"id":21691,"href":"https:\/\/scurtpe2.ro\/index.php?rest_route=\/wp\/v2\/posts\/21690\/revisions\/21691"}],"wp:featuredmedia":[{"embeddable":true,"href":"https:\/\/scurtpe2.ro\/index.php?rest_route=\/wp\/v2\/media\/20716"}],"wp:attachment":[{"href":"https:\/\/scurtpe2.ro\/index.php?rest_route=%2Fwp%2Fv2%2Fmedia&parent=21690"}],"wp:term":[{"taxonomy":"category","embeddable":true,"href":"https:\/\/scurtpe2.ro\/index.php?rest_route=%2Fwp%2Fv2%2Fcategories&post=21690"},{"taxonomy":"post_tag","embeddable":true,"href":"https:\/\/scurtpe2.ro\/index.php?rest_route=%2Fwp%2Fv2%2Ftags&post=21690"}],"curies":[{"name":"wp","href":"https:\/\/api.w.org\/{rel}","templated":true}]}}