{"id":21676,"date":"2025-01-28T18:39:35","date_gmt":"2025-01-28T15:39:35","guid":{"rendered":"https:\/\/scurtpe2.ro\/?p=21676"},"modified":"2025-01-28T18:39:35","modified_gmt":"2025-01-28T15:39:35","slug":"trafic-diminuat","status":"publish","type":"post","link":"https:\/\/scurtpe2.ro\/?p=21676","title":{"rendered":"TRAFIC DIMINUAT"},"content":{"rendered":"<p class=\"yiv8254929157ydp68de0ae6msonormal\" style=\"background: white;\"><span lang=\"EN-US\" style=\"font-size: 18.0pt; color: #1d2228;\">Traficul \u00een R\u00e2mnicu S\u0103rat, pe tronsonul DN2 E85, care traverseaz\u0103 ora\u0219ul, se desf\u0103\u0219oar\u0103 mult mai u\u0219or, dup\u0103 deschiderea autostr\u0103zii A7. Autorit\u0103\u021bile din R\u00e2mnicu S\u0103rat sunt convinse c\u0103 2024 trebuie s\u0103 r\u0103m\u00e2n\u0103 \u00een memoria locuitorilor ora\u0219ului ca anul care a dus la descongestionarea traficului \u0219i reducerea polu\u0103rii.\u00c2\u00a0<\/span><\/p>\n<p class=\"yiv8254929157ydp68de0ae6msonormal\" style=\"background: white;\"><span lang=\"EN-US\" style=\"font-size: 18.0pt; color: #1d2228;\">P\u0103n\u0103 la deschiderea traficului pe autostrada A7, pe tronsonul DN2 E 85 care tranziteaz\u0103 municipiul R\u00e2mnicu S\u0103rat, se \u00eenregistrau valori foarte mari ale traficului rutier, \u00een special, \u00een perioada weekendului \u0219i \u00een preajma marilor s\u0103rb\u0103tori de peste an. Mai mult, locuitorii care erau nevoi\u021bi s\u0103 traverseze drumul european pentru a ajunge \u00een diferite zone ale ora\u0219ului, erau nevoi\u021bi s\u0103 a\u0219tepte minute \u00een \u0219ir. \u0218i pietonii aveau de suferit din cauza conduc\u0103torilor auto care, nu de pu\u021bine ori, uitau de culoarea ro\u0219ie a semaforului. Reprezentan\u021bii Prim\u0103riei R\u00e2mnicu S\u0103rat au primit, de-a lungul anilor, solicit\u0103ri din partea r\u00e2mnicenilor pentru luarea unor m\u0103suri care s\u0103 sporeasc\u0103 siguran\u021ba \u00een trafic.\u00c2\u00a0\u00c2\u00a0<\/span><\/p>\n","protected":false},"excerpt":{"rendered":"<p>Traficul \u00een R\u00e2mnicu S\u0103rat, pe tronsonul DN2 E85, care traverseaz\u0103 ora\u0219ul, se desf\u0103\u0219oar\u0103 mult mai u\u0219or, dup\u0103 deschiderea autostr\u0103zii A7. Autorit\u0103\u021bile din R\u00e2mnicu S\u0103rat sunt convinse c\u0103 2024 trebuie s\u0103 r\u0103m\u00e2n\u0103 \u00een memoria locuitorilor ora\u0219ului ca anul care a dus la descongestionarea traficului \u0219i reducerea polu\u0103rii.\u00c2\u00a0 P\u0103n\u0103 la deschiderea traficului pe autostrada A7, pe tronsonul DN2 E 85 care tranziteaz\u0103 municipiul R\u00e2mnicu S\u0103rat, se \u00eenregistrau valori foarte mari ale traficului rutier, \u00een special, \u00een perioada weekendului \u0219i \u00een preajma marilor s\u0103rb\u0103tori de peste an. Mai mult, locuitorii care erau nevoi\u021bi&hellip;<\/p>\n","protected":false},"author":4,"featured_media":21677,"comment_status":"closed","ping_status":"closed","sticky":false,"template":"","format":"standard","meta":{"footnotes":""},"categories":[165],"tags":[7369,5187,728],"class_list":["post-21676","post","type-post","status-publish","format-standard","has-post-thumbnail","hentry","category-informatia-de-ramnic","tag-autostrada-modovei","tag-drum-european","tag-trafic"],"gutentor_comment":0,"_links":{"self":[{"href":"https:\/\/scurtpe2.ro\/index.php?rest_route=\/wp\/v2\/posts\/21676","targetHints":{"allow":["GET"]}}],"collection":[{"href":"https:\/\/scurtpe2.ro\/index.php?rest_route=\/wp\/v2\/posts"}],"about":[{"href":"https:\/\/scurtpe2.ro\/index.php?rest_route=\/wp\/v2\/types\/post"}],"author":[{"embeddable":true,"href":"https:\/\/scurtpe2.ro\/index.php?rest_route=\/wp\/v2\/users\/4"}],"replies":[{"embeddable":true,"href":"https:\/\/scurtpe2.ro\/index.php?rest_route=%2Fwp%2Fv2%2Fcomments&post=21676"}],"version-history":[{"count":1,"href":"https:\/\/scurtpe2.ro\/index.php?rest_route=\/wp\/v2\/posts\/21676\/revisions"}],"predecessor-version":[{"id":21678,"href":"https:\/\/scurtpe2.ro\/index.php?rest_route=\/wp\/v2\/posts\/21676\/revisions\/21678"}],"wp:featuredmedia":[{"embeddable":true,"href":"https:\/\/scurtpe2.ro\/index.php?rest_route=\/wp\/v2\/media\/21677"}],"wp:attachment":[{"href":"https:\/\/scurtpe2.ro\/index.php?rest_route=%2Fwp%2Fv2%2Fmedia&parent=21676"}],"wp:term":[{"taxonomy":"category","embeddable":true,"href":"https:\/\/scurtpe2.ro\/index.php?rest_route=%2Fwp%2Fv2%2Fcategories&post=21676"},{"taxonomy":"post_tag","embeddable":true,"href":"https:\/\/scurtpe2.ro\/index.php?rest_route=%2Fwp%2Fv2%2Ftags&post=21676"}],"curies":[{"name":"wp","href":"https:\/\/api.w.org\/{rel}","templated":true}]}}