{"id":21652,"date":"2025-01-24T20:46:47","date_gmt":"2025-01-24T17:46:47","guid":{"rendered":"https:\/\/scurtpe2.ro\/?p=21652"},"modified":"2025-01-24T20:47:17","modified_gmt":"2025-01-24T17:47:17","slug":"au-sarbatori-mica-unire","status":"publish","type":"post","link":"https:\/\/scurtpe2.ro\/?p=21652","title":{"rendered":"AU S\u0102RB\u0102TORIT MICA UNIRE"},"content":{"rendered":"<p><a href=\"https:\/\/scurtpe2.ro\/2025\/01\/au-sarbatori-mica-unire\/au-sarbatori-mica-unire\/\" rel=\"attachment wp-att-21654\"><img loading=\"lazy\" decoding=\"async\" class=\"alignnone size-medium wp-image-21654\" src=\"https:\/\/scurtpe2.ro\/wp-content\/uploads\/2025\/01\/AU-SARBATORI-MICA-UNIRE-660x365.jpg\" alt=\"\" width=\"660\" height=\"365\" \/><\/a><\/p>\n<p class=\"yiv2882988215ydp94bd942bmsonormal\" style=\"background: white;\"><span lang=\"EN-US\" style=\"font-size: 18.0pt; color: #1d2228;\">Eveniment cultural deosebit, organizat, ast\u0103zi, la R\u00e2mnicu S\u0103rat, la \u00eemplinirea a 166 de ani de la Unirea Principatelor Rom\u00e2ne. Autorit\u0103\u021bi locale, reprezentan\u021bi ai institu\u021biilor publice, ai Bisericii \u0219i ai unit\u0103\u021bilor de \u00eenv\u0103\u021b\u0103m\u00e2nt, precum \u0219i oameni de cultur\u0103 au participat, mai \u00eent\u00e2i, la un moment solemn \u00een Sala de \u0219edin\u021be a Prim\u0103riei R\u00e2mnicu S\u0103rat.<\/span><\/p>\n<p class=\"yiv2882988215ydp94bd942bmsonormal\" style=\"background: white;\"><span lang=\"EN-US\" style=\"font-size: 18.0pt; color: #1d2228;\">Reprezentan\u021bii Prim\u0103riei au transmis r\u00e2mnicenilor un mesaj de unitate, \u00eendemn\u00e2ndu-i s\u0103 poarte \u00een suflet acest moment istoric deosebit de important pe calea \u00eenf\u0103ptuirii statului na\u021bional unitar roman.<\/span><\/p>\n<p class=\"yiv2882988215ydp94bd942bmsonormal\" style=\"background: white;\"><span lang=\"EN-US\" style=\"font-size: 18.0pt; color: #1d2228;\">Directorul Bibliotecii Municipale &#8222;\u009dCorneliu Coposu&#8221;\u009d, profesorul R\u0103zvan Chirac, a vorbit celor prezen\u021bi despre Unirea Principatelor Rom\u00e2ne.<\/span><\/p>\n<p class=\"yiv2882988215ydp94bd942bmsonormal\" style=\"background: white;\"><span lang=\"EN-US\" style=\"font-size: 18.0pt; color: #1d2228;\">Centrul Cultural ,,Florica Cristoforeanu&#8221;\u009d a marcat momentul printr-un un spectacol muzical la care au participat numero\u0219i r\u00e2mniceni, dar \u0219i reprezentan\u021bi ai autorit\u0103\u021bilor locale. Spectacolul, prezentat de Alexandra Panaete, a debutat cu imnul Rom\u00e2niei.<\/span><\/p>\n<p class=\"yiv2882988215ydp94bd942bmsonormal\" style=\"background: white;\"><span lang=\"EN-US\" style=\"font-size: 18.0pt; color: #1d2228;\">La evenimentul organizat de Centrul Cultural au participat numero\u0219i arti\u0219ti, grupuri \u0219i ansambluri folclorice.<\/span><\/p>\n<p class=\"yiv2882988215ydp94bd942bmsonormal\" style=\"background: white;\"><span lang=\"EN-US\" style=\"font-size: 18.0pt; color: #1d2228;\">Unirea Principatelor Rom\u00e2ne\u00c2\u00a0a avut loc la 24 ianuarie 1859,\u00c2\u00a0prin unirea statelor Moldova\u00c2\u00a0\u0219i\u00c2\u00a0<a title=\"\u00c8\u0161ara Rom\u00e2neasc\u0103\" href=\"https:\/\/ro.wikipedia.org\/wiki\/%C8%9Aara_Rom%C3%A2neasc%C4%83\" target=\"_blank\" rel=\"noopener\"><span style=\"color: #196ad4;\">\u00c8\u0161<\/span><\/a>ara Rom\u00e2neasc\u0103\u00c2\u00a0sub numele Principatele Unite ale Moldovei \u00c8\u0161\u0103rii Rom\u00e2ne\u0219ti.\u00c2\u00a0Procesul unirii s-a realizat\u00c2\u00a0\u00c2\u00a0prin alegerea colonelului moldovean, Alexandru Ioan Cuza,\u00c2\u00a0ca domnitor al ambelor principate, la 5 ianuarie 1859\u00c2\u00a0\u00een Moldova \u0219i la 24 ianuarie 1859\u00c2\u00a0\u00een \u00c8\u0161ara Rom\u00e2neasc\u0103.<\/span><\/p>\n","protected":false},"excerpt":{"rendered":"<p>Eveniment cultural deosebit, organizat, ast\u0103zi, la R\u00e2mnicu S\u0103rat, la \u00eemplinirea a 166 de ani de la Unirea Principatelor Rom\u00e2ne. Autorit\u0103\u021bi locale, reprezentan\u021bi ai institu\u021biilor publice, ai Bisericii \u0219i ai unit\u0103\u021bilor de \u00eenv\u0103\u021b\u0103m\u00e2nt, precum \u0219i oameni de cultur\u0103 au participat, mai \u00eent\u00e2i, la un moment solemn \u00een Sala de \u0219edin\u021be a Prim\u0103riei R\u00e2mnicu S\u0103rat. Reprezentan\u021bii Prim\u0103riei au transmis r\u00e2mnicenilor un mesaj de unitate, \u00eendemn\u00e2ndu-i s\u0103 poarte \u00een suflet acest moment istoric deosebit de important pe calea \u00eenf\u0103ptuirii statului na\u021bional unitar roman. Directorul Bibliotecii Municipale &#8222;\u009dCorneliu Coposu&#8221;\u009d, profesorul R\u0103zvan Chirac, a vorbit&hellip;<\/p>\n","protected":false},"author":4,"featured_media":21653,"comment_status":"closed","ping_status":"closed","sticky":false,"template":"","format":"standard","meta":{"footnotes":""},"categories":[165],"tags":[1505,2490,3771,247,2683],"class_list":["post-21652","post","type-post","status-publish","format-standard","has-post-thumbnail","hentry","category-informatia-de-ramnic","tag-biblioteca","tag-centru-cultural","tag-mica-unire","tag-rm-sarat","tag-spectacol"],"gutentor_comment":0,"_links":{"self":[{"href":"https:\/\/scurtpe2.ro\/index.php?rest_route=\/wp\/v2\/posts\/21652","targetHints":{"allow":["GET"]}}],"collection":[{"href":"https:\/\/scurtpe2.ro\/index.php?rest_route=\/wp\/v2\/posts"}],"about":[{"href":"https:\/\/scurtpe2.ro\/index.php?rest_route=\/wp\/v2\/types\/post"}],"author":[{"embeddable":true,"href":"https:\/\/scurtpe2.ro\/index.php?rest_route=\/wp\/v2\/users\/4"}],"replies":[{"embeddable":true,"href":"https:\/\/scurtpe2.ro\/index.php?rest_route=%2Fwp%2Fv2%2Fcomments&post=21652"}],"version-history":[{"count":3,"href":"https:\/\/scurtpe2.ro\/index.php?rest_route=\/wp\/v2\/posts\/21652\/revisions"}],"predecessor-version":[{"id":21657,"href":"https:\/\/scurtpe2.ro\/index.php?rest_route=\/wp\/v2\/posts\/21652\/revisions\/21657"}],"wp:featuredmedia":[{"embeddable":true,"href":"https:\/\/scurtpe2.ro\/index.php?rest_route=\/wp\/v2\/media\/21653"}],"wp:attachment":[{"href":"https:\/\/scurtpe2.ro\/index.php?rest_route=%2Fwp%2Fv2%2Fmedia&parent=21652"}],"wp:term":[{"taxonomy":"category","embeddable":true,"href":"https:\/\/scurtpe2.ro\/index.php?rest_route=%2Fwp%2Fv2%2Fcategories&post=21652"},{"taxonomy":"post_tag","embeddable":true,"href":"https:\/\/scurtpe2.ro\/index.php?rest_route=%2Fwp%2Fv2%2Ftags&post=21652"}],"curies":[{"name":"wp","href":"https:\/\/api.w.org\/{rel}","templated":true}]}}