{"id":21631,"date":"2025-01-23T20:04:25","date_gmt":"2025-01-23T17:04:25","guid":{"rendered":"https:\/\/scurtpe2.ro\/?p=21631"},"modified":"2025-01-23T20:04:25","modified_gmt":"2025-01-23T17:04:25","slug":"dispozitia-si-proiectul-ordinii-de-zi-a-sedintei-de-lucru-ordinare-a-consiliului-local-din-data-de-30-01-2025-ora-15","status":"publish","type":"post","link":"https:\/\/scurtpe2.ro\/?p=21631","title":{"rendered":"Dispozi\u021bia \u0219i proiectul Ordinii de zi, a \u0218edin\u021bei de lucru ordinare a Consiliului Local din data de 30.01.2025, ora 15"},"content":{"rendered":"<p>`\u00c2\u00a0\u00c2\u00a0\u00c2\u00a0\u00c2\u00a0\u00c2\u00a0\u00c2\u00a0\u00c2\u00a0\u00c2\u00a0\u00c2\u00a0\u00c2\u00a0\u00c2\u00a0\u00c2\u00a0\u00c2\u00a0\u00c2\u00a0\u00c2\u00a0\u00c2\u00a0 ROM\u00c3\u201aNIA<\/p>\n<p>JUDE\u00c5\u00a2UL BUZ\u00c4\u201aU<\/p>\n<p>MUNICIPIUL R\u00c3\u201aMNICU S\u00c4\u201aRAT<\/p>\n<p><strong>\u00c2\u00a0\u00c2\u00a0\u00c2\u00a0\u00c2\u00a0\u00c2\u00a0\u00c2\u00a0\u00c2\u00a0\u00c2\u00a0\u00c2\u00a0\u00c2\u00a0\u00c2\u00a0\u00c2\u00a0\u00c2\u00a0\u00c2\u00a0\u00c2\u00a0\u00c2\u00a0\u00c2\u00a0\u00c2\u00a0\u00c2\u00a0\u00c2\u00a0 PRIMAR<\/strong><strong>\u00c2\u00a0<\/strong><\/p>\n<p style=\"text-align: center;\"><strong>DISPOZITIE<\/strong><\/p>\n<p style=\"text-align: center;\"><strong>de convocare <\/strong><strong>a\u00c2\u00a0 Consiliului\u00c2\u00a0 Local <\/strong><\/p>\n<p style=\"text-align: center;\"><strong>in<\/strong> <strong>\u0219edinta de lucru ordinara in\u00c2\u00a0 data\u00c2\u00a0 de 30.01.2025<\/strong><\/p>\n<p>&nbsp;<\/p>\n<p>Primarul Municipiului Rm. Sarat, judetul Buzau<\/p>\n<p>Avand in vedere prevederile art.133, alin.(1), art.134 din O.U.G nr.57\/2019 privind Codul administrativ, cu modificarile si completarile ulterioare coroborat cu Regulamentul de organizare si functionare al Consiliului Local al Municipiului Rm.Sarat, cu modificarile si completarile ulterioare;<\/p>\n<p>In temeiul art. 196, alin.(1), lit.b) din O.U.G nr.57\/2019 privind Codul administrativ, cu modificarile si completarile ulterioare;<\/p>\n<p><strong>\u00c2\u00a0<\/strong><\/p>\n<p><strong>DISPUN:<\/strong><\/p>\n<p><strong>\u00c2\u00a0<\/strong><\/p>\n<p><strong>Art.1.<\/strong> (1) Se convoaca Consiliul local al Municipiului Rm.Sarat in sedinta ordinara in data de\u00c2\u00a0 <strong>30.01.2025, orele 15<sup>00<\/sup><\/strong> in Sala de sedinte a Primariei Municipiului Rm.Sarat, strada Nicolae Balcescu nr.1, judetul Buzau.<\/p>\n<p>(2) Desfasurarea sedintei ordinare a Consiliului Local al Municipiului Rm.Sarat din data de 30.01.2025 se va realiza cu participarea fizica a consilierilor locali.<\/p>\n<p><strong>Art.2. <\/strong>(1) Proiectul ordinii de zi a sedintei ordinare din data de 30.01.2025 este prevazut in Anexa care face parte integranta din prezenta dispozitie.<\/p>\n<p>(2) Proiectul ordinii de zi a sedintei ordinare din data de 30.01.2025 se aduce la cunostinta publica prin afisare pe pagina de internet a unitatii administrativ-teritoriale https:\/\/primariermsarat.ro, respectiv prin afisare la avizierul Primariei Municipiului Rm.Sarat.<\/p>\n<p><strong>Art.3.<\/strong> Consilierii locali vor prelua materialele inscrise pe proiectul ordinii de zi, in format electronic (CD), pe semnatura acestora, semnatura inscrisa in convocatorul pus la dispozitie in acest sens sau le pot descarca de pe pagina de internet a unitatii administrativ &#8222;\u201cteritoriale https:\/\/primariermsarat.ro.<\/p>\n<p><strong>Art.4<\/strong>. Membrii Consiliului Local al Municipiului Rm.Sarat sunt invitati sa formuleze si sa depuna amendamente asupra proiectelor de hotarare inscrise pe proiectul ordinii de zi prevazut in anexa la prezenta dispozitie.<\/p>\n<p><strong>Art.5.<\/strong> Secretarul general al municipiului Rm.Sarat va comunica prezenta dispozi\u021bie autorit\u0103\u021bilor \u0219i persoanelor interesate in conformitate cu prevederile art.135, alin.(4), respectiv in conformitate cu prevederile art.243, alin.(1), lit.e) din O.U.G nr.57\/2019 privind Codul administrativ, cu modificarile si completarile ulterioare.<\/p>\n<p><strong>\u00c2\u00a0 \u00c2\u00a0 \u00c2\u00a0 \u00c2\u00a0 \u00c2\u00a0 \u00c2\u00a0 \u00c2\u00a0<\/strong><strong>\u00c2\u00a0 <\/strong><strong>Primar,\u00c2\u00a0\u00c2\u00a0\u00c2\u00a0\u00c2\u00a0\u00c2\u00a0\u00c2\u00a0\u00c2\u00a0\u00c2\u00a0\u00c2\u00a0\u00c2\u00a0\u00c2\u00a0\u00c2\u00a0\u00c2\u00a0\u00c2\u00a0\u00c2\u00a0\u00c2\u00a0\u00c2\u00a0\u00c2\u00a0\u00c2\u00a0\u00c2\u00a0\u00c2\u00a0\u00c2\u00a0\u00c2\u00a0\u00c2\u00a0\u00c2\u00a0\u00c2\u00a0\u00c2\u00a0\u00c2\u00a0\u00c2\u00a0\u00c2\u00a0\u00c2\u00a0\u00c2\u00a0\u00c2\u00a0\u00c2\u00a0\u00c2\u00a0\u00c2\u00a0\u00c2\u00a0\u00c2\u00a0\u00c2\u00a0 Contrasemneaza pentru legalitate,<\/strong><\/p>\n<p><strong>\u00c2\u00a0\u00c2\u00a0\u00c2\u00a0\u00c2\u00a0 Cirjan Sorin-Valentin\u00c2\u00a0\u00c2\u00a0\u00c2\u00a0\u00c2\u00a0\u00c2\u00a0\u00c2\u00a0\u00c2\u00a0\u00c2\u00a0\u00c2\u00a0\u00c2\u00a0\u00c2\u00a0\u00c2\u00a0\u00c2\u00a0\u00c2\u00a0\u00c2\u00a0\u00c2\u00a0\u00c2\u00a0\u00c2\u00a0\u00c2\u00a0\u00c2\u00a0\u00c2\u00a0\u00c2\u00a0\u00c2\u00a0 \u00c2\u00a0\u00c2\u00a0\u00c2\u00a0\u00c2\u00a0\u00c2\u00a0\u00c2\u00a0\u00c2\u00a0\u00c2\u00a0\u00c2\u00a0\u00c2\u00a0\u00c2\u00a0\u00c2\u00a0\u00c2\u00a0\u00c2\u00a0Secretar general, <\/strong><\/p>\n<p><strong>\u00c2\u00a0\u00c2\u00a0\u00c2\u00a0\u00c2\u00a0\u00c2\u00a0\u00c2\u00a0\u00c2\u00a0\u00c2\u00a0\u00c2\u00a0\u00c2\u00a0\u00c2\u00a0\u00c2\u00a0\u00c2\u00a0\u00c2\u00a0\u00c2\u00a0\u00c2\u00a0\u00c2\u00a0\u00c2\u00a0\u00c2\u00a0\u00c2\u00a0\u00c2\u00a0\u00c2\u00a0\u00c2\u00a0\u00c2\u00a0\u00c2\u00a0\u00c2\u00a0\u00c2\u00a0\u00c2\u00a0\u00c2\u00a0\u00c2\u00a0\u00c2\u00a0\u00c2\u00a0\u00c2\u00a0\u00c2\u00a0\u00c2\u00a0\u00c2\u00a0\u00c2\u00a0\u00c2\u00a0\u00c2\u00a0\u00c2\u00a0\u00c2\u00a0\u00c2\u00a0\u00c2\u00a0\u00c2\u00a0\u00c2\u00a0\u00c2\u00a0\u00c2\u00a0\u00c2\u00a0\u00c2\u00a0\u00c2\u00a0\u00c2\u00a0\u00c2\u00a0\u00c2\u00a0\u00c2\u00a0\u00c2\u00a0\u00c2\u00a0\u00c2\u00a0\u00c2\u00a0\u00c2\u00a0\u00c2\u00a0 \u00c2\u00a0\u00c2\u00a0\u00c2\u00a0\u00c2\u00a0\u00c2\u00a0\u00c2\u00a0\u00c2\u00a0Vagyas-Davidoiu Manuela<\/strong><\/p>\n<p><strong>\u00c2\u00a0<\/strong><\/p>\n<p><strong>Nr. <u>35<\/u><\/strong><\/p>\n<p><strong>Rm. Sarat <u>23.01.2025<\/u><\/strong><\/p>\n<p style=\"text-align: center;\"><strong>Anexa la Dispozitia nr.35\/23.01.2025<\/strong><\/p>\n<p><strong>PROIECT AL ORDINII DE ZI<\/strong><\/p>\n<p>Cuprinzand materialele propuse spre analiza si aprobare Consiliului Local al Municipiului Rm.Sarat in sedinta ordinara din 30.01.2025<\/p>\n<p>&nbsp;<\/p>\n<table width=\"0\">\n<tbody>\n<tr>\n<td width=\"44\"><strong>Nr.<\/strong><\/p>\n<p><strong>crt.<\/strong><\/td>\n<td width=\"237\"><strong>Continutul <\/strong><\/p>\n<p><strong>documentului<\/strong><\/td>\n<td width=\"141\"><strong>Comisia de specialitate a Consiliului Local care acorda avizul<\/strong><\/td>\n<td width=\"143\"><strong>Compartimentul<\/strong><\/p>\n<p><strong>de resort din cadrul aparatului de specialitate al primarului care intocmeste raportul de specialitate<\/strong><\/td>\n<td width=\"94\"><strong>Vot necesar<\/strong><\/td>\n<\/tr>\n<tr>\n<td width=\"44\">1.<\/td>\n<td width=\"237\">Proiect de hotarare nr.1\/23.01.2025 privind aprobarea bugetului local de venituri si cheltuieli definitiv al Municipiului Rm.Sarat pe anul 2024, al bugetului din subventii si venituri proprii definitiv pe anul 2024, precum si bugetul creditelor interne pe anul 2024 si a listei finale a obiectivelor de investitii pe surse bugetare pe anul 2024<\/p>\n<p>&#8211; initiator -Cirjan Sorin-Valentin- Primar<\/td>\n<td width=\"141\">Comisia pentru activitati economico-financiare si agricultura<\/p>\n<p>&nbsp;<\/p>\n<p>Comisia pentru cultura, culte, invatamant, munca, sanatate\u00c2\u00a0 si protectia persoanelor aflate in nevoie<\/p>\n<p>&nbsp;<\/p>\n<p>Comisia pentru amenajarea teritoriului,<\/p>\n<p>urbanism, protectie mediu si turism<\/p>\n<p>&nbsp;<\/p>\n<p>Comisia juridica, de disciplina si validare<\/td>\n<td width=\"143\">Directia economica\/ Serviciul Buget-Contabilitate<\/td>\n<td width=\"94\">Majoritate absoluta<\/td>\n<\/tr>\n<tr>\n<td width=\"44\">2.<\/td>\n<td width=\"237\">Proiect de hotarare nr.2\/23.01.2025 privind actualizarea cu rata inflatiei de 5,6% a nivelului redeventelor\/chiriilor aferente raporturilor juridice contractuale avand ca obiect concesionarea\/inchirierea terenurilor proprietate publica\/privata a Municipiului Rm.Sarat, a tarifului\u00c2\u00a0 pentru exercitarea dreptului de acces\u00c2\u00a0 pe proprietatea publica a Municipiului Rm.Sarat, a tarifelor lunare pentru terenurile proprietatea Municipiului Rm.Sarat utilizate in vederea desfasurarii unor activitati sezoniere sau ocazionale\/aferente imobilelor aflate in proprietatea Municipiului Rm.Sarat, a tarifelor aferente spatiilor cu alta destinatie decat cea de locuinta, proprietate a Municipiului Rm.Sarat,\u00c2\u00a0 precum si a pretului superficiei, pentru anul fiscal 2025<\/p>\n<p>&#8211; initiator -Cirjan Sorin-Valentin- Primar<\/td>\n<td width=\"141\">Comisia pentru activitati economico-financiare si agricultura<\/p>\n<p>&nbsp;<\/p>\n<p>Comisia pentru cultura, culte, invatamant, munca, sanatate\u00c2\u00a0 si protectia persoanelor aflate in nevoie<\/p>\n<p>&nbsp;<\/p>\n<p>Comisia pentru amenajarea teritoriului,<\/p>\n<p>urbanism, protectie mediu si turism<\/p>\n<p>&nbsp;<\/p>\n<p>Comisia juridica, de disciplina si validare<\/td>\n<td width=\"143\">Serviciul Impozite si Taxe Locale<\/td>\n<td width=\"94\">Majoritate absoluta<\/td>\n<\/tr>\n<tr>\n<td width=\"44\">3.<\/td>\n<td width=\"237\">Proiect de hotarare nr.3\/23.01.2025 privind aprobarea Planului anual de actiune privind serviciile sociale ce vor fi furnizate de catre Directia de Asistenta Sociala Rm.Sarat in anul 2025, in vederea administrarii si finantarii acestora din bugetul local al UAT-Municipiul Rm.Sarat<\/p>\n<p>&#8211; initiator -Cirjan Sorin-Valentin- Primar<\/td>\n<td width=\"141\">Comisia pentru activitati economico-financiare si agricultura<\/p>\n<p>&nbsp;<\/p>\n<p>Comisia pentru cultura, culte, invatamant, munca, sanatate\u00c2\u00a0 si protectia persoanelor aflate in nevoie<\/p>\n<p>&nbsp;<\/p>\n<p>Comisia pentru amenajarea teritoriului,<\/p>\n<p>urbanism, protectie mediu si turism<\/p>\n<p>&nbsp;<\/p>\n<p>Comisia juridica, de disciplina si validare<\/td>\n<td width=\"143\">Compartiment Contencios Administrativ si Juridic<\/td>\n<td width=\"94\">Majoritate simpla<\/td>\n<\/tr>\n<tr>\n<td width=\"44\">4.<\/td>\n<td width=\"237\">Proiect de hotarare nr.4\/23.01.2025 privind aprobarea Planului de actiuni si lucrari de interes local pe anul 2025 pentru repartizarea orelor de munca prestate lunar de catre persoanele majore apte de munca din familia beneficiara de venit minim de incluziune, acordat in baza prevederilor Legii nr.196\/2016 privind venitul minim de incluziune, cu modificarile si completarile ulterioare<\/p>\n<p>&#8211; initiator -Cirjan Sorin-Valentin- Primar<\/td>\n<td width=\"141\">Comisia pentru activitati economico-financiare si agricultura<\/p>\n<p>&nbsp;<\/p>\n<p>Comisia pentru cultura, culte, invatamant, munca, sanatate\u00c2\u00a0 si protectia persoanelor aflate in nevoie<\/p>\n<p>&nbsp;<\/p>\n<p>Comisia pentru amenajarea teritoriului,<\/p>\n<p>urbanism, protectie mediu si turism<\/p>\n<p>&nbsp;<\/p>\n<p>Comisia juridica, de disciplina si validare<\/td>\n<td width=\"143\">Compartiment Contencios Administrativ si Juridic<\/td>\n<td width=\"94\">Majoritate simpla<\/td>\n<\/tr>\n<tr>\n<td width=\"44\">5.<\/td>\n<td width=\"237\">Proiect de hotarare nr.5\/23.01.2025 privind aprobarea Programului de actiune comunitara destinat prevenirii si combaterii riscului de saracie si excluziune sociala in randul beneficiarilor de venit minim de incluziune, pentru anul 2025<\/p>\n<p>&#8211; initiator -Cirjan Sorin-Valentin- Primar<\/td>\n<td width=\"141\">Comisia pentru activitati economico-financiare si agricultura<\/p>\n<p>&nbsp;<\/p>\n<p>Comisia pentru cultura, culte, invatamant, munca, sanatate\u00c2\u00a0 si protectia persoanelor aflate in nevoie<\/p>\n<p>&nbsp;<\/p>\n<p>Comisia pentru amenajarea teritoriului,<\/p>\n<p>urbanism, protectie mediu si turism<\/p>\n<p>&nbsp;<\/p>\n<p>Comisia juridica, de disciplina si validare<\/td>\n<td width=\"143\">Compartiment Contencios Administrativ si Juridic<\/td>\n<td width=\"94\">Majoritate simpla<\/td>\n<\/tr>\n<tr>\n<td width=\"44\">6.<\/td>\n<td width=\"237\">Proiect de hotarare nr.6\/23.01.2025 privind aprobarea prelungirii prin acte aditionale a duratei de valabilitate a contractelor de inchiriere, a recalcularii chiriilor lunare in conformitate cu prevederile legale in vigoare si actualizarea chiriilor lunare cu rata inflatiei pentru locuintele pentru tineri, destinate inchirierii, situate in Municipiul Rm.Sarat, strada Industriei nr.2 (ANL 1), respectiv strada Industriei nr.4 (ANL 2), judetul Buzau<\/p>\n<p>&#8211; initiator -Cirjan Sorin-Valentin- Primar<\/td>\n<td width=\"141\">Comisia pentru activitati economico-financiare si agricultura<\/p>\n<p>&nbsp;<\/p>\n<p>Comisia pentru cultura, culte, invatamant, munca, sanatate\u00c2\u00a0 si protectia persoanelor aflate in nevoie<\/p>\n<p>&nbsp;<\/p>\n<p>Comisia juridica, de disciplina si validare<\/td>\n<td width=\"143\">Structura<\/p>\n<p>Arhitect Sef\/ Compartiment Spatiu Locativ\/ Compartiment Contencios Administrativ si Juridic<\/td>\n<td width=\"94\">Majoritate absoluta<\/td>\n<\/tr>\n<tr>\n<td width=\"44\">7.<\/td>\n<td width=\"237\">Proiect de hotarare nr.7\/23.01.2025 privind aprobarea prelungirii, prin act aditional, a duratei contractelor de inchiriere avand ca obiect terenuri ce fac parte din domeniul public al Municipiului Rm.Sarat pe care sunt amplasate constructii provizorii &#8211; garaje auto<\/p>\n<p>&#8211; initiator -Cirjan Sorin-Valentin- Primar<\/td>\n<td width=\"141\">Comisia pentru activitati economico-financiare si agricultura<\/p>\n<p>&nbsp;<\/p>\n<p>Comisia pentru cultura, culte, invatamant, munca, sanatate\u00c2\u00a0 si protectia persoanelor aflate in nevoie<\/p>\n<p>&nbsp;<\/p>\n<p>Comisia pentru amenajarea teritoriului,<\/p>\n<p>urbanism, protectie mediu si turism<\/p>\n<p>&nbsp;<\/p>\n<p>Comisia juridica, de disciplina si validare<\/td>\n<td width=\"143\">Arhitect Sef\/ Serviciul Impozite si Taxe Locale\/<\/p>\n<p>Compartiment Contencios Administrativ si Juridic<\/td>\n<td width=\"94\">Majoritate absoluta<\/td>\n<\/tr>\n<tr>\n<td width=\"44\">8.<\/td>\n<td width=\"237\">Proiect de hotarare nr.8\/23.01.2025 privind aprobarea prelungirii, prin act aditional, a duratei contractelor de inchiriere avand ca obiect terenuri ce fac parte din domeniul public al Municipiului Rm.Sarat pe care sunt amplasate constructii provizorii cu alte destinatii decat cea de garaj auto<\/p>\n<p>&#8211; initiator -Cirjan Sorin-Valentin- Primar<\/td>\n<td width=\"141\">Comisia pentru activitati economico-financiare si agricultura<\/p>\n<p>&nbsp;<\/p>\n<p>Comisia pentru cultura, culte, invatamant, munca, sanatate\u00c2\u00a0 si protectia persoanelor aflate in nevoie<\/p>\n<p>&nbsp;<\/p>\n<p>Comisia pentru amenajarea teritoriului,<\/p>\n<p>urbanism, protectie mediu si turism<\/p>\n<p>&nbsp;<\/p>\n<p>Comisia juridica, de disciplina si validare<\/td>\n<td width=\"143\">Arhitect Sef\/ Serviciul Impozite si Taxe Locale\/<\/p>\n<p>Compartiment Contencios Administrativ si Juridic<\/td>\n<td width=\"94\">Majoritate absoluta<\/td>\n<\/tr>\n<tr>\n<td width=\"44\">9.<\/td>\n<td width=\"237\">Proiect de hotarare nr.9\/23.01.2025 privind aprobarea prelungirii, prin act aditional, a duratei contractelor de inchiriere avand ca obiect terenuri si spatii cu alta destinatie decat cea de locuinta, proprietate privata a Municipiului Rm.Sarat<\/p>\n<p>&#8211; initiator -Cirjan Sorin-Valentin- Primar<\/td>\n<td width=\"141\">Comisia pentru activitati economico-financiare si agricultura<\/p>\n<p>&nbsp;<\/p>\n<p>Comisia pentru cultura, culte, invatamant, munca, sanatate\u00c2\u00a0 si protectia persoanelor aflate in nevoie<\/p>\n<p>&nbsp;<\/p>\n<p>Comisia pentru amenajarea teritoriului,<\/p>\n<p>urbanism, protectie mediu si turism<\/p>\n<p>&nbsp;<\/p>\n<p>Comisia juridica, de disciplina si validare<\/td>\n<td width=\"143\">Arhitect Sef\/ Compartiment Spatiu Locativ\/<\/p>\n<p>Compartiment Contencios Administrativ si Juridic<\/td>\n<td width=\"94\">Majoritate absoluta<\/td>\n<\/tr>\n<tr>\n<td width=\"44\">10.<\/td>\n<td width=\"237\">Proiect de hotarare nr.10\/23.01.2025 privind modificarea anexei nr.1 la HCL nr.91\/30.03.2023 privind aprobarea contractarii si garantarii unei finantari rambursabile interne in valoare de pana la 16.700.000 lei, pentru asigurarea finantarii\/cofinantarii unor investitii publice de interes local, cu o maturitate de 15 ani, cu 2 ani perioada de gratie, respectiv modificarea anexei nr.1 la HCL nr.95\/28.03.2024 privind aprobarea contractarii si garantarii unei finantari rambursabile interne in valoare de pana la 18.350.000 lei, pentru asigurarea finantarii\/cofinantarii unor investitii publice de interes local, cu o maturitate de 10 ani, cu 2 ani perioada de gratie<\/p>\n<p>&#8211; initiator -Cirjan Sorin-Valentin- Primar<\/td>\n<td width=\"141\">Comisia pentru activitati economico-financiare si agricultura<\/p>\n<p>&nbsp;<\/p>\n<p>Comisia pentru cultura, culte, invatamant, munca, sanatate\u00c2\u00a0 si protectia persoanelor aflate in nevoie<\/p>\n<p>&nbsp;<\/p>\n<p>&nbsp;<\/p>\n<p>Comisia pentru amenajarea teritoriului,<\/p>\n<p>urbanism, protectie mediu si turism<\/p>\n<p>&nbsp;<\/p>\n<p>Comisia juridica, de disciplina si validare<\/td>\n<td width=\"143\">Directia economica\/ Serviciul Buget-Contabilitate<\/td>\n<td width=\"94\">Majoritate absoluta<\/td>\n<\/tr>\n<tr>\n<td width=\"44\">11.<\/td>\n<td width=\"237\">Proiect de hotarare nr.11\/23.01.2025 privind stabilirea unor masuri cu privire la salariile de baza pentru functionarii publici si personalul contractual din cadrul Primariei Municipiului Rm.Sarat si institutiilor publice din subordinea Consiliului Local al Municipiului Rm.Sarat -familia ocupa\u021bionala &#8222;\u017eAdministra\u021bie&#8221;\u0153 in conformitate cu prevederile O.U.G nr.156\/2024 privind unele m\u0103suri fiscal-bugetare \u00een domeniul cheltuielilor publice\u00c2\u00a0 pentru fundamentarea bugetului general consolidat pe anul 2025,\u00c2\u00a0 pentru modificarea \u0219i completarea unor acte normative, precum \u0219i pentru prorogarea unor termene coroborat cu prevederile H.G nr.1506\/2024 pentru stabilirea salariului de baz\u0103 minim brut pe \u021bar\u0103 garantat \u00een plat\u0103 si cu respectarea prevederilor art.7, lit.a) din Legea nr.153\/2017, cu modificarile si completarile ulterioare<\/p>\n<p>&#8211; initiator -Cirjan Sorin-Valentin- Primar<\/td>\n<td width=\"141\">Comisia pentru activitati economico-financiare si agricultura<\/p>\n<p>&nbsp;<\/p>\n<p>Comisia pentru cultura, culte, invatamant, munca, sanatate\u00c2\u00a0 si protectia persoanelor aflate in nevoie<\/p>\n<p>&nbsp;<\/p>\n<p>&nbsp;<\/p>\n<p>Comisia pentru amenajarea teritoriului,<\/p>\n<p>urbanism, protectie mediu si turism<\/p>\n<p>&nbsp;<\/p>\n<p>Comisia juridica, de disciplina si validare<\/td>\n<td width=\"143\">Serviciul<\/p>\n<p>Resurse umane si indrumarea si sprijinirea unitatilor de sanatate si arhiva<\/td>\n<td width=\"94\">Majoritate simpla<\/td>\n<\/tr>\n<tr>\n<td width=\"44\">12.<\/td>\n<td width=\"237\">Proiect de hotarare nr.12\/23.01.2025 privind aprobarea modificarii traseului de transport public local de persoane pe raza UAT Municipiul Ramnicu Sarat, judetul Buzau (traseul 10) precum si infiintarea unor noi statii de calatori pe traseul respectiv<\/p>\n<p>&#8211; initiator -Cirjan Sorin-Valentin- Primar<\/td>\n<td width=\"141\">Comisia pentru activitati economico-financiare si agricultura<\/p>\n<p>&nbsp;<\/p>\n<p>Comisia pentru cultura, culte, invatamant, munca, sanatate\u00c2\u00a0 si protectia persoanelor aflate in nevoie<\/p>\n<p>&nbsp;<\/p>\n<p>&nbsp;<\/p>\n<p>Comisia pentru amenajarea teritoriului,<\/p>\n<p>urbanism, protectie mediu si turism<\/p>\n<p>&nbsp;<\/p>\n<p>Comisia juridica, de disciplina si validare<\/td>\n<td width=\"143\">Serviciul Monitorizare si Indrumare a Unitatilor de Invatamant,\u00c2\u00a0 Intreprinderilor Publice si Serviciilor Comunitare de Utilitati Publice\/ Compartiment Autorizarea Serviciilor de Transport Local<\/td>\n<td width=\"94\">Majoritate absoluta<\/td>\n<\/tr>\n<tr>\n<td width=\"44\">13.<\/td>\n<td width=\"237\">Proiect de hotarare nr.13\/23.01.2025 privind actualizarea Actului constitutiv al S.C Transport Urban de Calatori S.A Rm.Sarat in conformitate cu actualizarea Clasific\u0103rii activit\u0103\u021bilor\u00c2\u00a0 din economia na\u021bional\u0103 &#8222;\u201c CAEN, actualizare instituita prin Ordinul I.N.S nr.377\/2024, cu intrare in vigoare de la 01.01.2025<\/p>\n<p>&#8211; initiator -Cirjan Sorin-Valentin- Primar<\/td>\n<td width=\"141\">Comisia pentru activitati economico-financiare si agricultura<\/p>\n<p>&nbsp;<\/p>\n<p>Comisia pentru cultura, culte, invatamant, munca, sanatate\u00c2\u00a0 si protectia persoanelor aflate in nevoie<\/p>\n<p>&nbsp;<\/p>\n<p>&nbsp;<\/p>\n<p>Comisia pentru amenajarea teritoriului,<\/p>\n<p>urbanism, protectie mediu si turism<\/p>\n<p>&nbsp;<\/p>\n<p>Comisia juridica, de disciplina si validare<\/td>\n<td width=\"143\">Serviciul<\/p>\n<p>Monitorizare si Indrumare a Unitatilor de Invatamant,\u00c2\u00a0 Intreprinderilor Publice si Serviciilor Comunitare de Utilitati Publice\/ Compartiment Guvernanta Corporativa a Intreprinderilor Publice<\/td>\n<td width=\"94\">Majoritate simpla<\/td>\n<\/tr>\n<tr>\n<td width=\"44\">14.<\/td>\n<td width=\"237\">Proiect de hotarare nr.14\/23.01.2025 privind aprobarea primirii in calitate de membrii asociati in cadrul Asociatiei de Dezvoltare Intercomunitara &#8222;\u0153Buzau 2008&#8243;\u009d a Unitatilor Administrativ Teritoriale Comuna Breaza, Comuna Buda, Comuna Luciu, Comuna Ramnicelu si Comuna Stalpu, judetul Buzau si modificarea Statutului acesteia, la care Municipiul Rm.Sarat este membru asociat<\/p>\n<p>&#8211; initiator -Cirjan Sorin-Valentin- Primar<\/td>\n<td width=\"141\">Comisia pentru activitati economico-financiare si agricultura<\/p>\n<p>&nbsp;<\/p>\n<p>Comisia pentru cultura, culte, invatamant, munca, sanatate\u00c2\u00a0 si protectia persoanelor aflate in nevoie<\/p>\n<p>&nbsp;<\/p>\n<p>Comisia pentru amenajarea teritoriului,<\/p>\n<p>urbanism, protectie mediu si turism<\/p>\n<p>&nbsp;<\/p>\n<p>Comisia juridica, de disciplina si validare<\/td>\n<td width=\"143\">Serviciul<\/p>\n<p>Monitorizare si Indrumare a Unitatilor de Invatamant,\u00c2\u00a0 Intreprinderilor Publice si Serviciilor Comunitare de Utilitati Publice\/ Compartiment Guvernanta Corporativa a Intreprinderilor Publice<\/td>\n<td width=\"94\">Majoritate absoluta<\/td>\n<\/tr>\n<tr>\n<td width=\"44\">15.<\/td>\n<td width=\"237\">Proiect de hotarare nr.15\/23.01.2025 privind modificarea tarifelor pentru activitatile specifice serviciului public de salubrizare al Municipiului Rm.Sarat, derulate de catre S.C RER SUD S.A, conform contractului de delegare prin concesiune a serviciului public de salubrizare al Municipiului Rm.Sarat nr.67464\/10032\/07.10.2019 (inclusiv actele aditionale la acesta), incheiat intre UAT-Municipiul Rm.Sarat si<\/p>\n<p>S.C RER SUD S.A<\/p>\n<p>&#8211; initiator -Cirjan Sorin-Valentin- Primar<\/td>\n<td width=\"141\">Comisia pentru activitati economico-financiare si agricultura<\/p>\n<p>&nbsp;<\/p>\n<p>Comisia pentru cultura, culte, invatamant, munca, sanatate\u00c2\u00a0 si protectia persoanelor aflate in nevoie<\/p>\n<p>&nbsp;<\/p>\n<p>&nbsp;<\/p>\n<p>Comisia pentru amenajarea teritoriului,<\/p>\n<p>urbanism, protectie mediu si turism<\/p>\n<p>&nbsp;<\/p>\n<p>Comisia juridica, de disciplina si validare<\/td>\n<td width=\"143\">Directia Economica\/<\/p>\n<p>Serviciul Buget-Contabilitate<\/td>\n<td width=\"94\">Majoritate absoluta<\/td>\n<\/tr>\n<tr>\n<td width=\"44\">16.<\/td>\n<td width=\"237\">Proiect de hotarare nr.16\/23.01.2025 privind incetarea contractului de inchiriere nr.7564\/14.03.2018, prin denuntare unilaterala, manifestata din partea locatarului, avand ca obiect dreptul de folosinta asupra imobilului-locuinta sociala, situat in Municipiul Rm.Sarat, strada Horia nr.50 (camera 11), judetul Buzau<\/p>\n<p>&#8211; initiator -Cirjan Sorin-Valentin- Primar<\/td>\n<td width=\"141\">Comisia pentru cultura, culte, invatamant, munca, sanatate\u00c2\u00a0 si protectia persoanelor aflate in nevoie<\/p>\n<p>&nbsp;<\/p>\n<p>&nbsp;<\/p>\n<p>Comisia juridica, de disciplina si validare<\/td>\n<td width=\"143\">Arhitect Sef\/<\/p>\n<p>Compartiment Spatiu Locativ\/ Compartiment Contencios Administrativ si Juridic<\/td>\n<td width=\"94\">Majoritate absoluta<\/td>\n<\/tr>\n<tr>\n<td width=\"44\">17.<\/td>\n<td width=\"237\">Proiect de hotarare nr.17\/23.01.2025 privind retragerea dreptului de folosinta gratuita asupra unor terenuri aflate in proprietatea privata a Municipiului Rm.Sarat transmise in conformitate cu prevederile Legii nr.15\/2003 privind sprijinul acordat tinerilor pentru construirea unei locuinte proprietate personala si incetarea contractelor de comodat incheiate cu beneficiarii imobilelor-terenuri care nu au respectat clauzele contractuale imperative<\/p>\n<p>&#8211; initiator -Cirjan Sorin-Valentin- Primar<\/td>\n<td width=\"141\">Comisia pentru amenajarea teritoriului,<\/p>\n<p>urbanism, protectie mediu si turism<\/p>\n<p>&nbsp;<\/p>\n<p>Comisia juridica, de disciplina si validare<\/td>\n<td width=\"143\">Arhitect Sef\/ Compartiment Contencios Administrativ si Juridic<\/td>\n<td width=\"94\">Majoritate absoluta<\/td>\n<\/tr>\n<tr>\n<td width=\"44\">18.<\/td>\n<td width=\"237\">Proiect de hotarare nr.18\/23.01.2025 privind <em>aprobarea vanzarii prin licitatie publica a unor bunuri imobile -terenuri, cu destinatia de construire locuinte &#8222;\u201cproprietate personala, <\/em>cu respectarea reglement\u0103rilor urbanistice stabilite prin PUG, PUD sau PUZ \u0219i func\u021biunile permise ale zonei, terenuri <em>apartinand domeniului privat al Municipiului Rm.Sarat <\/em><em>si a documentatiei de atribuire aferente <\/em><\/p>\n<p><em>(instructiuni pentru ofertanti, caiet de sarcini si formulare)<\/em><\/p>\n<p>&#8211; initiator -Cirjan Sorin-Valentin- Primar<\/td>\n<td width=\"141\">Comisia pentru activitati economico-financiare si agricultura<\/p>\n<p>&nbsp;<\/p>\n<p>Comisia pentru cultura, culte, invatamant, munca, sanatate\u00c2\u00a0 si protectia persoanelor aflate in nevoie<\/p>\n<p>&nbsp;<\/p>\n<p>Comisia pentru amenajarea teritoriului,<\/p>\n<p>urbanism, protectie mediu si turism<\/p>\n<p>&nbsp;<\/p>\n<p>Comisia juridica, de disciplina si validare<\/td>\n<td width=\"143\">Directia economica\/ Serviciul Buget &#8222;\u201c Contabilitate\/ Compartiment Evidenta Patrimoniu si Retele Utilitare\/<\/p>\n<p>Compartiment Contencios Administrativ si Juridic\/ Compartiment Administrare Patrimoniu, Vanzari, Chirii si Concesiuni<\/td>\n<td width=\"94\">Majoritate calificata<\/td>\n<\/tr>\n<tr>\n<td width=\"44\">19.<\/td>\n<td width=\"237\">Proiect de hotarare nr.19\/23.01.2025 privind analiza stadiului de inscriere a datelor in Registrul agricol pentru trimestrul IV al anului 2024 si stabilirea masurilor pentru eficientizarea acestei activitati<\/p>\n<p>&#8211; initiator -Cirjan Sorin-Valentin- Primar<\/td>\n<td width=\"141\">Comisia pentru amenajarea teritoriului,<\/p>\n<p>urbanism, protectie mediu si turism<\/p>\n<p>&nbsp;<\/p>\n<p>Comisia juridica, de disciplina si validare<\/td>\n<td width=\"143\">Compartiment Registrul Agricol<\/td>\n<td width=\"94\">Majoritate simpla<\/td>\n<\/tr>\n<tr>\n<td width=\"44\">20.<\/td>\n<td width=\"237\">Proiect de hotarare nr.20\/23.01.2025 privind stabilirea unor masuri administrative de circulatie rutiera si pietonala in Municipiul Rm.Sarat<\/p>\n<p>&#8211; initiator -Cirjan Sorin-Valentin- Primar<\/td>\n<td width=\"141\">Comisia pentru activitati economico-financiare si agricultura<\/p>\n<p>&nbsp;<\/p>\n<p>Comisia pentru cultura, culte, invatamant, munca, sanatate\u00c2\u00a0 si protectia persoanelor aflate in nevoie<\/p>\n<p>&nbsp;<\/p>\n<p>Comisia pentru amenajarea teritoriului,<\/p>\n<p>urbanism, protectie mediu si turism<\/p>\n<p>&nbsp;<\/p>\n<p>Comisia juridica, de disciplina si validare<\/td>\n<td width=\"143\">Compartiment Autorizarea Serviciilor de Transport Local<\/td>\n<td width=\"94\">Majoritate absoluta<\/td>\n<\/tr>\n<tr>\n<td width=\"44\">21.<\/td>\n<td width=\"237\">Proiect de hotarare nr.21\/23.01.2025 privind numirea unei noi Comisii Locale de Ordine Publica la nivelul Municipiului Ramnicu Sarat, urmare a constiturii Consiliului local al Municipiului Rm.Sarat in urma alegerilor locale din 09 iunie 2024 si aprobarea Regulamentului de Organizare si Functionare al acesteia<\/p>\n<p>&#8211; initiator -Cirjan Sorin-Valentin- Primar<\/p>\n<p>&nbsp;<\/td>\n<td width=\"141\">Comisia pentru activitati economico-financiare si agricultura<\/p>\n<p>&nbsp;<\/p>\n<p>Comisia pentru cultura, culte, invatamant, munca, sanatate\u00c2\u00a0 si protectia persoanelor aflate in nevoie<\/p>\n<p>&nbsp;<\/p>\n<p>Comisia pentru amenajarea teritoriului,<\/p>\n<p>urbanism, protectie mediu si turism<\/p>\n<p>&nbsp;<\/p>\n<p>Comisia juridica, de disciplina si validare<\/td>\n<td width=\"143\">Compartiment Contencios Administrativ si Juridic<\/td>\n<td width=\"94\">Majoritate simpla<\/td>\n<\/tr>\n<tr>\n<td width=\"44\">22.<\/td>\n<td width=\"237\">Proiect de hotarare nr.22\/23.01.2025 privind desemnarea reprezentantilor Consiliului local al Municipiului Rm.Sarat care sa faca parte din Grupul de Lucru Local (GLL) la nivelul Municipiului Rm.Sarat<strong>, <\/strong>urmare a constiturii Consiliului local al Municipiului Rm.Sarat in urma alegerilor locale din 09 iunie 2024<\/p>\n<p>&#8211; initiator -Cirjan Sorin-Valentin- Primar<\/td>\n<td width=\"141\">Comisia pentru activitati economico-financiare si agricultura<\/p>\n<p>&nbsp;<\/p>\n<p>Comisia pentru cultura, culte, invatamant, munca, sanatate\u00c2\u00a0 si protectia persoanelor aflate in nevoie<\/p>\n<p>&nbsp;<\/p>\n<p>Comisia pentru amenajarea teritoriului,<\/p>\n<p>urbanism, protectie mediu si turism<\/p>\n<p>&nbsp;<\/p>\n<p>Comisia juridica, de disciplina si validare<\/td>\n<td width=\"143\">Serviciul Informare si Relatii Publice, Investitii si Asociatii de Proprietari<\/td>\n<td width=\"94\">Majoritate simpla<\/td>\n<\/tr>\n<tr>\n<td width=\"44\">23.<\/td>\n<td width=\"237\">Proiect de hotarare nr.23\/23.01.2025 privind constituirea Structurii Comunitare Consultative, aprobarea Regulamentului de organizare \u0219i func\u021bionare a Structurii Comunitare Consultative \u0219i \u00eenfiin\u021barea Observatorului copilului<\/p>\n<p>&#8211; initiator -Cirjan Sorin-Valentin- Primar<\/p>\n<p>&nbsp;<\/td>\n<td width=\"141\">Comisia pentru activitati economico-financiare si agricultura<\/p>\n<p>&nbsp;<\/p>\n<p>Comisia pentru cultura, culte, invatamant, munca, sanatate\u00c2\u00a0 si protectia persoanelor aflate in nevoie<\/p>\n<p>&nbsp;<\/p>\n<p>Comisia pentru amenajarea teritoriului,<\/p>\n<p>urbanism, protectie mediu si turism<\/p>\n<p>&nbsp;<\/p>\n<p>Comisia juridica, de disciplina si validare<\/td>\n<td width=\"143\">Compartiment Contencios Administrativ si Juridic<\/td>\n<td width=\"94\">Majoritate simpla<\/td>\n<\/tr>\n<tr>\n<td width=\"44\">24.<\/td>\n<td width=\"237\">Proiect de hotarare nr.24\/23.01.2025 privind aprobarea Regulamentului privind utilizarea sistemului de \u00eenchiriere a bicicletelor \u00een cadrul proiectului &#8222;\u017eCre\u0219terea mobilit\u0103\u021bii urbane prin investi\u021bii cu caracter integrat \u00een infrastructura de transport public pentru reducerea emisiilor GES&#8221;\u009d cod SMIS 328124, \u00een municipiul R\u00e2mnicu S\u0103rat, jude\u021bul Buz\u0103u<\/p>\n<p>&#8211; initiator -Cirjan Sorin-Valentin- Primar<\/p>\n<p>&nbsp;<\/td>\n<td width=\"141\">Comisia pentru activitati economico-financiare si agricultura<\/p>\n<p>&nbsp;<\/p>\n<p>Comisia pentru cultura, culte, invatamant, munca, sanatate\u00c2\u00a0 si protectia persoanelor aflate in nevoie<\/p>\n<p>&nbsp;<\/p>\n<p>Comisia pentru amenajarea teritoriului,<\/p>\n<p>urbanism, protectie mediu si turism<\/p>\n<p>&nbsp;<\/p>\n<p>Comisia juridica, de disciplina si validare<\/td>\n<td width=\"143\">Directia Economica\/<\/p>\n<p>Serviciul Buget-Contabilitate\/ Compartiment Eviden\u021b\u0103 Patrimoniu \u0219i Re\u021bele Utilitare\/ Compartimentu Administrare Patimoniu, V\u00e2nz\u0103ri, \u00cenchirieri \u0219i Concesiuni\/ Compartiment Contencios Administativ \u0219i Juridic<\/td>\n<td width=\"94\">Majoritate absoluta<\/td>\n<\/tr>\n<tr>\n<td width=\"44\">25.<\/td>\n<td width=\"237\">Proiect de hotarare nr.25\/23.01.2025 privind aprobarea Strategiei Smart City R\u00e2mnicu S\u0103rat-Orizont 2035<\/p>\n<p>&#8211; initiator -Cirjan Sorin-Valentin- Primar<\/p>\n<p>&nbsp;<\/td>\n<td width=\"141\">Comisia pentru activitati economico-financiare si agricultura<\/p>\n<p>&nbsp;<\/p>\n<p>Comisia pentru cultura, culte, invatamant, munca, sanatate\u00c2\u00a0 si protectia persoanelor aflate in nevoie<\/p>\n<p>&nbsp;<\/p>\n<p>Comisia pentru amenajarea teritoriului,<\/p>\n<p>urbanism, protectie mediu si turism<\/p>\n<p>&nbsp;<\/p>\n<p>Comisia juridica, de disciplina si validare<\/td>\n<td width=\"143\">Directia Economica\/<\/p>\n<p>Serviciul Buget-Contabilitate Compartiment Contencios Administrativ si Juridic<\/td>\n<td width=\"94\">Majoritate simpla<\/td>\n<\/tr>\n<tr>\n<td width=\"44\">26.<\/td>\n<td width=\"237\">Proiect de hotarare nr.26\/23.01.2025 privind alegerea Presedintelui de sedinta al Consiliului local al Municipiului Rm.Sarat pentru lunile februarie 2025-aprilie 2025<\/p>\n<p>&#8211; initiator -Cirjan Sorin-Valentin- Primar<\/p>\n<p>&nbsp;<\/td>\n<td width=\"141\">Comisia pentru activitati economico-financiare si agricultura<\/p>\n<p>&nbsp;<\/p>\n<p>Comisia pentru cultura, culte, invatamant, munca, sanatate\u00c2\u00a0 si protectia persoanelor aflate in nevoie<\/p>\n<p>&nbsp;<\/p>\n<p>Comisia pentru amenajarea teritoriului,<\/p>\n<p>urbanism, protectie mediu si turism<\/p>\n<p>&nbsp;<\/p>\n<p>Comisia juridica, de disciplina si validare<\/td>\n<td width=\"143\">Compartiment Contencios Administrativ si Juridic<\/td>\n<td width=\"94\">Majoritate simpla<\/td>\n<\/tr>\n<tr>\n<td width=\"44\">27.<\/td>\n<td colspan=\"4\" width=\"615\">Alte probleme ale activitatii curente:<\/p>\n<ol>\n<li>Raport privind petitiile adresate Consiliului local al Municipiului Rm.Sarat in perioada 10.12.2024-15.01.2025;<\/li>\n<li>Raportul privind activitatea desfasurata de asistentii personali ai persoanelor cu handicap grav din Municipiul Rm.Sarat in semestrul II al anului 2024;<\/li>\n<li>Raport privind accesul la informatiile de interes public conform Legii nr.544\/2001 privind liberul acces la informatiile de interes public, in anul 2024;<\/li>\n<li>Raport anual privind transparenta decizionala conform Legii nr.52\/2003, pentru anul 2024\u00c2\u00a0;<\/li>\n<li>Raport semestrial privind activitatea de solutionare a petitiilor semestrul II al anului 2024;<\/li>\n<li>Informare a Administratiei Domeniului Public Rm.Sarat in conformitate cu prevederile art.3 din HCL nr.104\/30.03.2023;<\/li>\n<li>Informare a Directiei de Asistenta Sociala Rm.Sarat in conformitate cu prevederile art.3 din HCL nr.105\/30.03.2023;<\/li>\n<\/ol>\n<p>&nbsp;<\/td>\n<\/tr>\n<\/tbody>\n<\/table>\n<p><strong>\u00c2\u00a0<\/strong><strong>\u00c2\u00a0\u00c2\u00a0\u00c2\u00a0\u00c2\u00a0\u00c2\u00a0\u00c2\u00a0\u00c2\u00a0\u00c2\u00a0 Primar,\u00c2\u00a0\u00c2\u00a0\u00c2\u00a0\u00c2\u00a0\u00c2\u00a0\u00c2\u00a0\u00c2\u00a0\u00c2\u00a0\u00c2\u00a0\u00c2\u00a0\u00c2\u00a0\u00c2\u00a0\u00c2\u00a0\u00c2\u00a0\u00c2\u00a0\u00c2\u00a0\u00c2\u00a0\u00c2\u00a0\u00c2\u00a0\u00c2\u00a0\u00c2\u00a0\u00c2\u00a0\u00c2\u00a0\u00c2\u00a0\u00c2\u00a0\u00c2\u00a0\u00c2\u00a0\u00c2\u00a0\u00c2\u00a0\u00c2\u00a0\u00c2\u00a0\u00c2\u00a0\u00c2\u00a0\u00c2\u00a0\u00c2\u00a0\u00c2\u00a0\u00c2\u00a0\u00c2\u00a0\u00c2\u00a0\u00c2\u00a0\u00c2\u00a0\u00c2\u00a0\u00c2\u00a0\u00c2\u00a0\u00c2\u00a0\u00c2\u00a0\u00c2\u00a0\u00c2\u00a0\u00c2\u00a0\u00c2\u00a0\u00c2\u00a0\u00c2\u00a0\u00c2\u00a0\u00c2\u00a0\u00c2\u00a0\u00c2\u00a0\u00c2\u00a0\u00c2\u00a0\u00c2\u00a0\u00c2\u00a0\u00c2\u00a0\u00c2\u00a0\u00c2\u00a0\u00c2\u00a0\u00c2\u00a0 \u00c2\u00a0\u00c2\u00a0\u00c2\u00a0\u00c2\u00a0 Secretar general,<\/strong><\/p>\n<p><strong>Cirjan Sorin Valentin\u00c2\u00a0\u00c2\u00a0\u00c2\u00a0\u00c2\u00a0\u00c2\u00a0\u00c2\u00a0\u00c2\u00a0\u00c2\u00a0\u00c2\u00a0\u00c2\u00a0\u00c2\u00a0\u00c2\u00a0\u00c2\u00a0\u00c2\u00a0\u00c2\u00a0\u00c2\u00a0\u00c2\u00a0\u00c2\u00a0\u00c2\u00a0\u00c2\u00a0\u00c2\u00a0\u00c2\u00a0\u00c2\u00a0\u00c2\u00a0\u00c2\u00a0\u00c2\u00a0\u00c2\u00a0\u00c2\u00a0\u00c2\u00a0\u00c2\u00a0\u00c2\u00a0\u00c2\u00a0\u00c2\u00a0\u00c2\u00a0\u00c2\u00a0\u00c2\u00a0\u00c2\u00a0\u00c2\u00a0\u00c2\u00a0\u00c2\u00a0\u00c2\u00a0\u00c2\u00a0\u00c2\u00a0\u00c2\u00a0 \u00c2\u00a0\u00c2\u00a0\u00c2\u00a0\u00c2\u00a0\u00c2\u00a0\u00c2\u00a0\u00c2\u00a0Vagyas-Davidoiu Manuela<\/strong><\/p>\n","protected":false},"excerpt":{"rendered":"<p>`\u00c2\u00a0\u00c2\u00a0\u00c2\u00a0\u00c2\u00a0\u00c2\u00a0\u00c2\u00a0\u00c2\u00a0\u00c2\u00a0\u00c2\u00a0\u00c2\u00a0\u00c2\u00a0\u00c2\u00a0\u00c2\u00a0\u00c2\u00a0\u00c2\u00a0\u00c2\u00a0 ROM\u00c3\u201aNIA JUDE\u00c5\u00a2UL BUZ\u00c4\u201aU MUNICIPIUL R\u00c3\u201aMNICU S\u00c4\u201aRAT \u00c2\u00a0\u00c2\u00a0\u00c2\u00a0\u00c2\u00a0\u00c2\u00a0\u00c2\u00a0\u00c2\u00a0\u00c2\u00a0\u00c2\u00a0\u00c2\u00a0\u00c2\u00a0\u00c2\u00a0\u00c2\u00a0\u00c2\u00a0\u00c2\u00a0\u00c2\u00a0\u00c2\u00a0\u00c2\u00a0\u00c2\u00a0\u00c2\u00a0 PRIMAR\u00c2\u00a0 DISPOZITIE de convocare a\u00c2\u00a0 Consiliului\u00c2\u00a0 Local in \u0219edinta de lucru ordinara in\u00c2\u00a0 data\u00c2\u00a0 de 30.01.2025 &nbsp; Primarul Municipiului Rm. Sarat, judetul Buzau Avand in vedere prevederile art.133, alin.(1), art.134 din O.U.G nr.57\/2019 privind Codul administrativ, cu modificarile si completarile ulterioare coroborat cu Regulamentul de organizare si functionare al Consiliului Local al Municipiului Rm.Sarat, cu modificarile si completarile ulterioare; In temeiul art. 196, alin.(1), lit.b) din O.U.G nr.57\/2019 privind Codul administrativ, cu modificarile si completarile ulterioare; \u00c2\u00a0 DISPUN: \u00c2\u00a0 Art.1. (1) Se&hellip;<\/p>\n","protected":false},"author":2,"featured_media":14545,"comment_status":"closed","ping_status":"closed","sticky":false,"template":"","format":"standard","meta":{"footnotes":""},"categories":[156],"tags":[],"class_list":["post-21631","post","type-post","status-publish","format-standard","has-post-thumbnail","hentry","category-informare-primaria-rm-sarat"],"gutentor_comment":0,"_links":{"self":[{"href":"https:\/\/scurtpe2.ro\/index.php?rest_route=\/wp\/v2\/posts\/21631","targetHints":{"allow":["GET"]}}],"collection":[{"href":"https:\/\/scurtpe2.ro\/index.php?rest_route=\/wp\/v2\/posts"}],"about":[{"href":"https:\/\/scurtpe2.ro\/index.php?rest_route=\/wp\/v2\/types\/post"}],"author":[{"embeddable":true,"href":"https:\/\/scurtpe2.ro\/index.php?rest_route=\/wp\/v2\/users\/2"}],"replies":[{"embeddable":true,"href":"https:\/\/scurtpe2.ro\/index.php?rest_route=%2Fwp%2Fv2%2Fcomments&post=21631"}],"version-history":[{"count":1,"href":"https:\/\/scurtpe2.ro\/index.php?rest_route=\/wp\/v2\/posts\/21631\/revisions"}],"predecessor-version":[{"id":21632,"href":"https:\/\/scurtpe2.ro\/index.php?rest_route=\/wp\/v2\/posts\/21631\/revisions\/21632"}],"wp:featuredmedia":[{"embeddable":true,"href":"https:\/\/scurtpe2.ro\/index.php?rest_route=\/wp\/v2\/media\/14545"}],"wp:attachment":[{"href":"https:\/\/scurtpe2.ro\/index.php?rest_route=%2Fwp%2Fv2%2Fmedia&parent=21631"}],"wp:term":[{"taxonomy":"category","embeddable":true,"href":"https:\/\/scurtpe2.ro\/index.php?rest_route=%2Fwp%2Fv2%2Fcategories&post=21631"},{"taxonomy":"post_tag","embeddable":true,"href":"https:\/\/scurtpe2.ro\/index.php?rest_route=%2Fwp%2Fv2%2Ftags&post=21631"}],"curies":[{"name":"wp","href":"https:\/\/api.w.org\/{rel}","templated":true}]}}