{"id":21613,"date":"2025-01-21T21:44:27","date_gmt":"2025-01-21T18:44:27","guid":{"rendered":"https:\/\/scurtpe2.ro\/?p=21613"},"modified":"2025-01-21T21:44:27","modified_gmt":"2025-01-21T18:44:27","slug":"alaturi-de-primari","status":"publish","type":"post","link":"https:\/\/scurtpe2.ro\/?p=21613","title":{"rendered":"AL\u0102TURI DE PRIMARI"},"content":{"rendered":"<p>Consiliul Jude\u021bean Buz\u0103u va continua s\u0103 sprijine prim\u0103riile din jude\u021b. Declara\u021bia a fost f\u0103cut\u0103 de c\u0103tre pre\u0219edintele Lucian Roma\u0219canu, \u00een contextul \u00een care anul financiar 2024 s-a \u00eenchis pozitiv pentru Consiliul Jude\u021bean.<\/p>\n<p>\u00cen a\u0219teptarea bugetului pe anul 2025, conducerea Consiliului Jude\u021bean a anun\u021bat c\u0103 va avea o colaborare str\u00e2ns\u0103 cu administra\u021biile locale pentru etapizarea unor proiecte, astfel \u00eenc\u00e2t s\u0103 se evite anumite proiecte nesustenabile din punct de vedere financiar<\/p>\n<p>Consiliul Jude\u021bean Buz\u0103u \u0219i-a creionat, \u00een mare, propriul buget pe acest an, urm\u00e2nd ca, \u00een func\u021bie de bugetul pe 2025 stabilit de c\u0103tre Executiv, s\u0103-\u0219i gestioneze banii pentru actualele \u0219i viitoarele sale proiecte.<\/p>\n","protected":false},"excerpt":{"rendered":"<p>Consiliul Jude\u021bean Buz\u0103u va continua s\u0103 sprijine prim\u0103riile din jude\u021b. Declara\u021bia a fost f\u0103cut\u0103 de c\u0103tre pre\u0219edintele Lucian Roma\u0219canu, \u00een contextul \u00een care anul financiar 2024 s-a \u00eenchis pozitiv pentru Consiliul Jude\u021bean. \u00cen a\u0219teptarea bugetului pe anul 2025, conducerea Consiliului Jude\u021bean a anun\u021bat c\u0103 va avea o colaborare str\u00e2ns\u0103 cu administra\u021biile locale pentru etapizarea unor proiecte, astfel \u00eenc\u00e2t s\u0103 se evite anumite proiecte nesustenabile din punct de vedere financiar Consiliul Jude\u021bean Buz\u0103u \u0219i-a creionat, \u00een mare, propriul buget pe acest an, urm\u00e2nd ca, \u00een func\u021bie de bugetul pe 2025 stabilit&hellip;<\/p>\n","protected":false},"author":4,"featured_media":21001,"comment_status":"closed","ping_status":"closed","sticky":false,"template":"","format":"standard","meta":{"footnotes":""},"categories":[168],"tags":[574,523,1996],"class_list":["post-21613","post","type-post","status-publish","format-standard","has-post-thumbnail","hentry","category-informatia-de-buzau","tag-buget","tag-consiliu-judetean","tag-primari"],"gutentor_comment":0,"_links":{"self":[{"href":"https:\/\/scurtpe2.ro\/index.php?rest_route=\/wp\/v2\/posts\/21613","targetHints":{"allow":["GET"]}}],"collection":[{"href":"https:\/\/scurtpe2.ro\/index.php?rest_route=\/wp\/v2\/posts"}],"about":[{"href":"https:\/\/scurtpe2.ro\/index.php?rest_route=\/wp\/v2\/types\/post"}],"author":[{"embeddable":true,"href":"https:\/\/scurtpe2.ro\/index.php?rest_route=\/wp\/v2\/users\/4"}],"replies":[{"embeddable":true,"href":"https:\/\/scurtpe2.ro\/index.php?rest_route=%2Fwp%2Fv2%2Fcomments&post=21613"}],"version-history":[{"count":1,"href":"https:\/\/scurtpe2.ro\/index.php?rest_route=\/wp\/v2\/posts\/21613\/revisions"}],"predecessor-version":[{"id":21614,"href":"https:\/\/scurtpe2.ro\/index.php?rest_route=\/wp\/v2\/posts\/21613\/revisions\/21614"}],"wp:featuredmedia":[{"embeddable":true,"href":"https:\/\/scurtpe2.ro\/index.php?rest_route=\/wp\/v2\/media\/21001"}],"wp:attachment":[{"href":"https:\/\/scurtpe2.ro\/index.php?rest_route=%2Fwp%2Fv2%2Fmedia&parent=21613"}],"wp:term":[{"taxonomy":"category","embeddable":true,"href":"https:\/\/scurtpe2.ro\/index.php?rest_route=%2Fwp%2Fv2%2Fcategories&post=21613"},{"taxonomy":"post_tag","embeddable":true,"href":"https:\/\/scurtpe2.ro\/index.php?rest_route=%2Fwp%2Fv2%2Ftags&post=21613"}],"curies":[{"name":"wp","href":"https:\/\/api.w.org\/{rel}","templated":true}]}}