{"id":21606,"date":"2025-01-20T19:04:20","date_gmt":"2025-01-20T16:04:20","guid":{"rendered":"https:\/\/scurtpe2.ro\/?p=21606"},"modified":"2025-01-20T19:04:20","modified_gmt":"2025-01-20T16:04:20","slug":"concurent-serios","status":"publish","type":"post","link":"https:\/\/scurtpe2.ro\/?p=21606","title":{"rendered":"CONCURENT SERIOS"},"content":{"rendered":"<p>Operatorul de salubrizare din municipiul Buz\u0103u ar putea avea un concurent serios \u00een viitor. Este vorba chiar despre Prim\u0103ria Buz\u0103u, care prin accesarea unor fonduri europene, prin Planul Na\u021bional de Redresare \u0219i Rezilien\u021b\u0103, a \u00eencheiat un contract cu o societate din Bucure\u0219ti specializat\u0103 \u00een construc\u021bii pentru industria de\u0219eurilor, pentru realizarea unui Centru Integrat de Colectare Separat\u0103 a De\u0219eurilor prin Aport Voluntar. Prin colectarea acestor de\u0219euri \u00een centrul special amenajat, \u00een zona industrial\u0103 a ora\u0219ului, \u00een spatele fostei fabrici de geamuri, vor fi eliminate cheltuielile cu colectarea de\u0219eurilor depozitate necorespunz\u0103tor \u00een municipiu. Durata de implementare a proiectului este de 12 luni, iar valoarea investi\u021biei dep\u0103\u0219e\u0219te 33 de milioane de lei, f\u0103r\u0103 TVA.\u00c2\u00a0 Primarul Constantin Toma consider\u0103 c\u0103 acest proiect este vital pentru municipiu.<\/p>\n<p>Prin acest proiect, firma din Bucure\u0219ti se va ocupa de tot ceea ce \u00eenseamn\u0103 colectarea selectiv\u0103 a de\u0219eurilor, adic\u0103 ceea ce face, \u00een prezent \u0219i operatorul de salubrizare din ora\u0219. Reprezentan\u021bii Direc\u021biei Tehnice a Prim\u0103riei Buz\u0103u precizeaz\u0103 \u00eens\u0103 c\u0103 exist\u0103 \u0219i unele diferen\u021be \u00een ceea ce prive\u0219te prestarea de servicii a celor dou\u0103 societ\u0103\u021bi.<\/p>\n<p>Firma din Bucure\u0219ti care va construi Centrul Integrat de Colectare Separat\u0103 a De\u0219eurilor prin Aport Voluntar a ob\u021binut acest contract prin licita\u021bie. Primarul Constantin Toma avertizeaz\u0103 societatea din Capital\u0103 c\u0103 orice ne\u00eendeplinire a obliga\u021biilor va duce automat la rezilierea contractului dintre cele dou\u0103 p\u0103r\u021bi.<\/p>\n<p>De serviciile acestui centru nu vor beneficia numai cet\u0103\u021benii municipiului Buz\u0103u, ci \u0219i cei din zona metropolitan\u0103.<\/p>\n<p>Acest centru va asigura colectarea separat\u0103 a de\u0219eurilor menajere care nu pot fi colectate \u00een sistem door-to-door&#8221;. Vorbim aici despre de\u0219euri reciclabile &#8211; biode\u0219euri care nu pot fi colectate \u00een pubelele individuale, precum \u0219i de\u0219euri voluminoase, cele textile, mobilier, anvelope, echipamente electrice \u0219i electronice, baterii uzate, de\u0219euri periculoase, de\u0219euri de cadavre animale, de\u0219euri de gr\u0103din\u0103, din construc\u021bii \u0219i demol\u0103ri.<\/p>\n","protected":false},"excerpt":{"rendered":"<p>Operatorul de salubrizare din municipiul Buz\u0103u ar putea avea un concurent serios \u00een viitor. Este vorba chiar despre Prim\u0103ria Buz\u0103u, care prin accesarea unor fonduri europene, prin Planul Na\u021bional de Redresare \u0219i Rezilien\u021b\u0103, a \u00eencheiat un contract cu o societate din Bucure\u0219ti specializat\u0103 \u00een construc\u021bii pentru industria de\u0219eurilor, pentru realizarea unui Centru Integrat de Colectare Separat\u0103 a De\u0219eurilor prin Aport Voluntar. Prin colectarea acestor de\u0219euri \u00een centrul special amenajat, \u00een zona industrial\u0103 a ora\u0219ului, \u00een spatele fostei fabrici de geamuri, vor fi eliminate cheltuielile cu colectarea de\u0219eurilor depozitate necorespunz\u0103tor \u00een&hellip;<\/p>\n","protected":false},"author":4,"featured_media":21607,"comment_status":"closed","ping_status":"closed","sticky":false,"template":"","format":"standard","meta":{"footnotes":""},"categories":[168],"tags":[4297,4885,1909,530,3088],"class_list":["post-21606","post","type-post","status-publish","format-standard","has-post-thumbnail","hentry","category-informatia-de-buzau","tag-colectare-deseuri","tag-deseuri-reciclabile","tag-licitatie","tag-primaria-buzau","tag-salubrizare"],"gutentor_comment":0,"_links":{"self":[{"href":"https:\/\/scurtpe2.ro\/index.php?rest_route=\/wp\/v2\/posts\/21606","targetHints":{"allow":["GET"]}}],"collection":[{"href":"https:\/\/scurtpe2.ro\/index.php?rest_route=\/wp\/v2\/posts"}],"about":[{"href":"https:\/\/scurtpe2.ro\/index.php?rest_route=\/wp\/v2\/types\/post"}],"author":[{"embeddable":true,"href":"https:\/\/scurtpe2.ro\/index.php?rest_route=\/wp\/v2\/users\/4"}],"replies":[{"embeddable":true,"href":"https:\/\/scurtpe2.ro\/index.php?rest_route=%2Fwp%2Fv2%2Fcomments&post=21606"}],"version-history":[{"count":1,"href":"https:\/\/scurtpe2.ro\/index.php?rest_route=\/wp\/v2\/posts\/21606\/revisions"}],"predecessor-version":[{"id":21608,"href":"https:\/\/scurtpe2.ro\/index.php?rest_route=\/wp\/v2\/posts\/21606\/revisions\/21608"}],"wp:featuredmedia":[{"embeddable":true,"href":"https:\/\/scurtpe2.ro\/index.php?rest_route=\/wp\/v2\/media\/21607"}],"wp:attachment":[{"href":"https:\/\/scurtpe2.ro\/index.php?rest_route=%2Fwp%2Fv2%2Fmedia&parent=21606"}],"wp:term":[{"taxonomy":"category","embeddable":true,"href":"https:\/\/scurtpe2.ro\/index.php?rest_route=%2Fwp%2Fv2%2Fcategories&post=21606"},{"taxonomy":"post_tag","embeddable":true,"href":"https:\/\/scurtpe2.ro\/index.php?rest_route=%2Fwp%2Fv2%2Ftags&post=21606"}],"curies":[{"name":"wp","href":"https:\/\/api.w.org\/{rel}","templated":true}]}}