{"id":21583,"date":"2025-01-16T11:48:48","date_gmt":"2025-01-16T08:48:48","guid":{"rendered":"https:\/\/scurtpe2.ro\/?p=21583"},"modified":"2025-01-16T11:48:48","modified_gmt":"2025-01-16T08:48:48","slug":"val-de-raceli-dupa-vacanta-copiilor","status":"publish","type":"post","link":"https:\/\/scurtpe2.ro\/?p=21583","title":{"rendered":"VAL DE R\u0102CELI, DUP\u0102 VACAN\u021aA COPIILOR"},"content":{"rendered":"<p>Tot mai mul\u021bi copii sunt adu\u0219i de p\u0103rin\u021bi la Sec\u021bia Urgen\u021be-Pediatrie a Spitalului Jude\u021bean Buz\u0103u, odat\u0103 cu re\u00eentoarcerea pre\u0219colarilor \u0219i elevilor la \u0219coal\u0103. \u00cen fiecare zi sunt aproape 70-80 de prezent\u0103ri, copii de toate v\u00e2rstele, de la bebelu\u0219i de c\u00e2teva luni, la adolescen\u021bi. Cei mai mul\u021bi prezint\u0103 febr\u0103 foarte mare \u0219i tuse \u0219i sunt diagnostica\u021bi cu viroze respiratorii sau pneumonie. Medicii atrag aten\u021bia c\u0103 num\u0103rul de \u00eemboln\u0103viri va cre\u0219te \u00een perioada urm\u0103toare, tot ca urmare a re\u00eentoarcerii copiilor \u00een colectivit\u0103\u021bi. De precizat c\u0103, luna aceasta, la Sc\u021bia Urgen\u021be-Pediatrie g\u0103rzile nu vor putea \u00c2\u00a0fi asigurate 3 nop\u021bi, chiar dac\u0103 medicii pediatri vor efectua 4 g\u0103rzi pe lun\u0103. Reprezentan\u021bii Spitalului Jude\u021bean Buz\u0103u au declarat c\u0103 sunt \u00een c\u0103utarea unor solu\u021bii pentru a rezolva c\u00e2t mai repede posibil aceast\u0103 problem\u0103.<\/p>\n<p>&nbsp;<\/p>\n<p>&nbsp;<\/p>\n","protected":false},"excerpt":{"rendered":"<p>Tot mai mul\u021bi copii sunt adu\u0219i de p\u0103rin\u021bi la Sec\u021bia Urgen\u021be-Pediatrie a Spitalului Jude\u021bean Buz\u0103u, odat\u0103 cu re\u00eentoarcerea pre\u0219colarilor \u0219i elevilor la \u0219coal\u0103. \u00cen fiecare zi sunt aproape 70-80 de prezent\u0103ri, copii de toate v\u00e2rstele, de la bebelu\u0219i de c\u00e2teva luni, la adolescen\u021bi. Cei mai mul\u021bi prezint\u0103 febr\u0103 foarte mare \u0219i tuse \u0219i sunt diagnostica\u021bi cu viroze respiratorii sau pneumonie. Medicii atrag aten\u021bia c\u0103 num\u0103rul de \u00eemboln\u0103viri va cre\u0219te \u00een perioada urm\u0103toare, tot ca urmare a re\u00eentoarcerii copiilor \u00een colectivit\u0103\u021bi. De precizat c\u0103, luna aceasta, la Sc\u021bia Urgen\u021be-Pediatrie g\u0103rzile nu&hellip;<\/p>\n","protected":false},"author":4,"featured_media":21584,"comment_status":"closed","ping_status":"closed","sticky":false,"template":"","format":"standard","meta":{"footnotes":""},"categories":[168,165],"tags":[639,7801,233,292,1801],"class_list":["post-21583","post","type-post","status-publish","format-standard","has-post-thumbnail","hentry","category-informatia-de-buzau","category-informatia-de-ramnic","tag-copii","tag-infectie-respiratorie","tag-medici","tag-urgente","tag-vacanta"],"gutentor_comment":0,"_links":{"self":[{"href":"https:\/\/scurtpe2.ro\/index.php?rest_route=\/wp\/v2\/posts\/21583","targetHints":{"allow":["GET"]}}],"collection":[{"href":"https:\/\/scurtpe2.ro\/index.php?rest_route=\/wp\/v2\/posts"}],"about":[{"href":"https:\/\/scurtpe2.ro\/index.php?rest_route=\/wp\/v2\/types\/post"}],"author":[{"embeddable":true,"href":"https:\/\/scurtpe2.ro\/index.php?rest_route=\/wp\/v2\/users\/4"}],"replies":[{"embeddable":true,"href":"https:\/\/scurtpe2.ro\/index.php?rest_route=%2Fwp%2Fv2%2Fcomments&post=21583"}],"version-history":[{"count":1,"href":"https:\/\/scurtpe2.ro\/index.php?rest_route=\/wp\/v2\/posts\/21583\/revisions"}],"predecessor-version":[{"id":21585,"href":"https:\/\/scurtpe2.ro\/index.php?rest_route=\/wp\/v2\/posts\/21583\/revisions\/21585"}],"wp:featuredmedia":[{"embeddable":true,"href":"https:\/\/scurtpe2.ro\/index.php?rest_route=\/wp\/v2\/media\/21584"}],"wp:attachment":[{"href":"https:\/\/scurtpe2.ro\/index.php?rest_route=%2Fwp%2Fv2%2Fmedia&parent=21583"}],"wp:term":[{"taxonomy":"category","embeddable":true,"href":"https:\/\/scurtpe2.ro\/index.php?rest_route=%2Fwp%2Fv2%2Fcategories&post=21583"},{"taxonomy":"post_tag","embeddable":true,"href":"https:\/\/scurtpe2.ro\/index.php?rest_route=%2Fwp%2Fv2%2Ftags&post=21583"}],"curies":[{"name":"wp","href":"https:\/\/api.w.org\/{rel}","templated":true}]}}