{"id":21559,"date":"2025-01-13T19:14:11","date_gmt":"2025-01-13T16:14:11","guid":{"rendered":"https:\/\/scurtpe2.ro\/?p=21559"},"modified":"2025-01-13T19:14:11","modified_gmt":"2025-01-13T16:14:11","slug":"strazi-reabilitate","status":"publish","type":"post","link":"https:\/\/scurtpe2.ro\/?p=21559","title":{"rendered":"STR\u0102ZI REABILITATE"},"content":{"rendered":"<p>Str\u0103zile din municipiul R\u00e2mnicu S\u0103rat unde s-au realizat investi\u021bii la re\u021beaua de ap\u0103 \u0219i canalizare vor fi reabilitate. Autorit\u0103\u021bile locale dau asigur\u0103ri c\u0103 lucrurile vor fi remediate pe toate arterele pe care s-au efectuat lucr\u0103ri de c\u0103tre Compania de Ap\u0103. \u0218i strada Elena Cuza, o arter\u0103 principal\u0103 din municipiul R\u00e2mnicu S\u0103rat, va fi modernizat\u0103 integral.<\/p>\n<p>Anul trecut, Compania de Ap\u0103 Buz\u0103u a demarat, \u00een municipiul R\u00e2mnicu S\u0103rat, mai multe investi\u021bii, \u00een vederea extinderii sau \u00eenlocuirii mai multor re\u021bele de ap\u0103 \u0219i canalizare. \u00cen urma lucr\u0103rilor, str\u0103zile au fost \u00eemp\u00e2nzite de cratere, ceea ce creat mari nepl\u0103ceri locuitorilor.<\/p>\n","protected":false},"excerpt":{"rendered":"<p>Str\u0103zile din municipiul R\u00e2mnicu S\u0103rat unde s-au realizat investi\u021bii la re\u021beaua de ap\u0103 \u0219i canalizare vor fi reabilitate. Autorit\u0103\u021bile locale dau asigur\u0103ri c\u0103 lucrurile vor fi remediate pe toate arterele pe care s-au efectuat lucr\u0103ri de c\u0103tre Compania de Ap\u0103. \u0218i strada Elena Cuza, o arter\u0103 principal\u0103 din municipiul R\u00e2mnicu S\u0103rat, va fi modernizat\u0103 integral. Anul trecut, Compania de Ap\u0103 Buz\u0103u a demarat, \u00een municipiul R\u00e2mnicu S\u0103rat, mai multe investi\u021bii, \u00een vederea extinderii sau \u00eenlocuirii mai multor re\u021bele de ap\u0103 \u0219i canalizare. \u00cen urma lucr\u0103rilor, str\u0103zile au fost \u00eemp\u00e2nzite de&hellip;<\/p>\n","protected":false},"author":4,"featured_media":21560,"comment_status":"closed","ping_status":"closed","sticky":false,"template":"","format":"standard","meta":{"footnotes":""},"categories":[173,165],"tags":[1844,7807,5517],"class_list":["post-21559","post","type-post","status-publish","format-standard","has-post-thumbnail","hentry","category-administrativ","category-informatia-de-ramnic","tag-compania-de-apa","tag-elena-cuza","tag-reabilitare-strazi"],"gutentor_comment":0,"_links":{"self":[{"href":"https:\/\/scurtpe2.ro\/index.php?rest_route=\/wp\/v2\/posts\/21559","targetHints":{"allow":["GET"]}}],"collection":[{"href":"https:\/\/scurtpe2.ro\/index.php?rest_route=\/wp\/v2\/posts"}],"about":[{"href":"https:\/\/scurtpe2.ro\/index.php?rest_route=\/wp\/v2\/types\/post"}],"author":[{"embeddable":true,"href":"https:\/\/scurtpe2.ro\/index.php?rest_route=\/wp\/v2\/users\/4"}],"replies":[{"embeddable":true,"href":"https:\/\/scurtpe2.ro\/index.php?rest_route=%2Fwp%2Fv2%2Fcomments&post=21559"}],"version-history":[{"count":1,"href":"https:\/\/scurtpe2.ro\/index.php?rest_route=\/wp\/v2\/posts\/21559\/revisions"}],"predecessor-version":[{"id":21561,"href":"https:\/\/scurtpe2.ro\/index.php?rest_route=\/wp\/v2\/posts\/21559\/revisions\/21561"}],"wp:featuredmedia":[{"embeddable":true,"href":"https:\/\/scurtpe2.ro\/index.php?rest_route=\/wp\/v2\/media\/21560"}],"wp:attachment":[{"href":"https:\/\/scurtpe2.ro\/index.php?rest_route=%2Fwp%2Fv2%2Fmedia&parent=21559"}],"wp:term":[{"taxonomy":"category","embeddable":true,"href":"https:\/\/scurtpe2.ro\/index.php?rest_route=%2Fwp%2Fv2%2Fcategories&post=21559"},{"taxonomy":"post_tag","embeddable":true,"href":"https:\/\/scurtpe2.ro\/index.php?rest_route=%2Fwp%2Fv2%2Ftags&post=21559"}],"curies":[{"name":"wp","href":"https:\/\/api.w.org\/{rel}","templated":true}]}}