{"id":21557,"date":"2025-01-13T19:04:15","date_gmt":"2025-01-13T16:04:15","guid":{"rendered":"https:\/\/scurtpe2.ro\/?p=21557"},"modified":"2025-01-13T19:04:15","modified_gmt":"2025-01-13T16:04:15","slug":"sectie-reamenajata","status":"publish","type":"post","link":"https:\/\/scurtpe2.ro\/?p=21557","title":{"rendered":"SEC\u021aIE REAMENAJAT\u0102"},"content":{"rendered":"<p>Ve\u0219ti bune de la Spitalul Jude\u021bean Buz\u0103u. Sec\u021bia UPU-Pediatrie din cadrul unit\u0103\u021bii medicale ar urma s\u0103 se extind\u0103. Anun\u021bul a fost f\u0103cut, recent, de c\u0103tre conducerea Spitalului, care a precizat c\u0103 planurile de refacere a sec\u021biei includ mai multe etape. Mai \u00eent\u00e2i vor fi m\u0103rite sala de a\u0219teptare \u0219i saloanele.<\/p>\n<p>Totodat\u0103, pentru a preveni conflictele dintre apar\u021bin\u0103tori \u0219i cadrele medicale, conducerea Spitalului Jude\u021bean a \u00eenfiin\u021bat un post de paz\u0103 \u00een interiorul sec\u021biei UPU-Pediatrie. De asemenea, pentru mai mult\u0103 siguran\u021b\u0103, vor fi montate camere de supraveghere.<\/p>\n<p>Lucr\u0103rile de reamenajare de la UPU-Pediatrie presupun, mai \u00eent\u00e2i, extinderea sec\u021biei \u00een saloanele unde a func\u021bionat fosta sec\u021bie de Urgen\u021be a Spitalului Jude\u021bean.<\/p>\n","protected":false},"excerpt":{"rendered":"<p>Ve\u0219ti bune de la Spitalul Jude\u021bean Buz\u0103u. Sec\u021bia UPU-Pediatrie din cadrul unit\u0103\u021bii medicale ar urma s\u0103 se extind\u0103. Anun\u021bul a fost f\u0103cut, recent, de c\u0103tre conducerea Spitalului, care a precizat c\u0103 planurile de refacere a sec\u021biei includ mai multe etape. Mai \u00eent\u00e2i vor fi m\u0103rite sala de a\u0219teptare \u0219i saloanele. Totodat\u0103, pentru a preveni conflictele dintre apar\u021bin\u0103tori \u0219i cadrele medicale, conducerea Spitalului Jude\u021bean a \u00eenfiin\u021bat un post de paz\u0103 \u00een interiorul sec\u021biei UPU-Pediatrie. De asemenea, pentru mai mult\u0103 siguran\u021b\u0103, vor fi montate camere de supraveghere. Lucr\u0103rile de reamenajare de la&hellip;<\/p>\n","protected":false},"author":4,"featured_media":17159,"comment_status":"closed","ping_status":"closed","sticky":false,"template":"","format":"standard","meta":{"footnotes":""},"categories":[168],"tags":[4038,2829,756],"class_list":["post-21557","post","type-post","status-publish","format-standard","has-post-thumbnail","hentry","category-informatia-de-buzau","tag-camere-supraveghere","tag-pediatrie","tag-upu-buzau"],"gutentor_comment":0,"_links":{"self":[{"href":"https:\/\/scurtpe2.ro\/index.php?rest_route=\/wp\/v2\/posts\/21557","targetHints":{"allow":["GET"]}}],"collection":[{"href":"https:\/\/scurtpe2.ro\/index.php?rest_route=\/wp\/v2\/posts"}],"about":[{"href":"https:\/\/scurtpe2.ro\/index.php?rest_route=\/wp\/v2\/types\/post"}],"author":[{"embeddable":true,"href":"https:\/\/scurtpe2.ro\/index.php?rest_route=\/wp\/v2\/users\/4"}],"replies":[{"embeddable":true,"href":"https:\/\/scurtpe2.ro\/index.php?rest_route=%2Fwp%2Fv2%2Fcomments&post=21557"}],"version-history":[{"count":1,"href":"https:\/\/scurtpe2.ro\/index.php?rest_route=\/wp\/v2\/posts\/21557\/revisions"}],"predecessor-version":[{"id":21558,"href":"https:\/\/scurtpe2.ro\/index.php?rest_route=\/wp\/v2\/posts\/21557\/revisions\/21558"}],"wp:featuredmedia":[{"embeddable":true,"href":"https:\/\/scurtpe2.ro\/index.php?rest_route=\/wp\/v2\/media\/17159"}],"wp:attachment":[{"href":"https:\/\/scurtpe2.ro\/index.php?rest_route=%2Fwp%2Fv2%2Fmedia&parent=21557"}],"wp:term":[{"taxonomy":"category","embeddable":true,"href":"https:\/\/scurtpe2.ro\/index.php?rest_route=%2Fwp%2Fv2%2Fcategories&post=21557"},{"taxonomy":"post_tag","embeddable":true,"href":"https:\/\/scurtpe2.ro\/index.php?rest_route=%2Fwp%2Fv2%2Ftags&post=21557"}],"curies":[{"name":"wp","href":"https:\/\/api.w.org\/{rel}","templated":true}]}}