{"id":21553,"date":"2025-01-13T18:59:23","date_gmt":"2025-01-13T15:59:23","guid":{"rendered":"https:\/\/scurtpe2.ro\/?p=21553"},"modified":"2025-01-13T18:59:23","modified_gmt":"2025-01-13T15:59:23","slug":"reviste-pentru-proiecte-scolare","status":"publish","type":"post","link":"https:\/\/scurtpe2.ro\/?p=21553","title":{"rendered":"REVISTE PENTRU PROIECTE \u0218COLARE"},"content":{"rendered":"<p class=\"yiv0069571679ydpd83a89f6msonormal\" style=\"background: white;\"><span lang=\"EN-US\" style=\"font-size: 18.0pt; color: #1d2228;\">Elevii \u0218colii Gimnaziale ,,Constantin Br\u00e2ncoveanu&#8221;\u009d din R\u00e2mnicu S\u0103rat au acum la dispozi\u021bie un ghid de bune practici, &#8222;\u009dS\u0103pt\u0103m\u00e2na verde&#8221;\u009d, dar \u0219i o revist\u0103 cu activit\u0103\u021bi specifice programului na\u021bional &#8222;\u009dS\u0103pt\u0103m\u00e2na Altfel&#8221;\u009d. Cele dou\u0103 materiale didactice, elaborate de profesorii \u0219colii, au \u0219i scopul de a deveni o surs\u0103 de inspira\u021bie pentru alte cadre didactice \u00een desf\u0103\u0219urarea unor astfel de proiecte.<\/span><\/p>\n<p class=\"yiv0069571679ydpd83a89f6msonormal\" style=\"background: white;\"><span lang=\"EN-US\" style=\"font-size: 18.0pt; color: #1d2228;\">\u00cen paginile Ghidului de bune practici sunt prezentate articole semnate de dasc\u0103lii \u0219colii, dar \u0219i opinii ale reprezentan\u021bilor Inspectoratului \u0218colar Buz\u0103u.<\/span><\/p>\n<p class=\"yiv0069571679ydpd83a89f6msonormal\" style=\"background: white;\"><span lang=\"EN-US\" style=\"font-size: 18.0pt; color: #1d2228;\">Conducerea \u0218colii Gimnaziale ,,Constantin Br\u00e2ncoveanu&#8221;\u009d apreciaz\u0103 activit\u0103\u021bile creative realizate de elevi \u0219i profesori \u00een cadrul programului na\u021bional &#8222;\u009d\u0218coala Altfel&#8221;\u009d.<\/span><\/p>\n<p class=\"yiv0069571679ydpd83a89f6msonormal\" style=\"background: white;\"><span lang=\"EN-US\" style=\"font-size: 18.0pt; color: #1d2228;\">\u00cen paginile uneia dintre reviste se reg\u0103sesc proiectele desf\u0103\u0219urate \u00een cadrul programului&#8221;\u009d\u0218coala Altfel&#8221;\u009d.<\/span><\/p>\n<p class=\"yiv0069571679ydpd83a89f6msonormal\" style=\"background: white;\"><span lang=\"EN-US\" style=\"font-size: 18.0pt; color: #1d2228;\">Proiectele \u0219colare ofer\u0103 elevilor oportunit\u0103\u021bi de socializare \u0219i dezvoltare personal\u0103, iar aceste ini\u021biative \u00eembog\u0103\u021besc experien\u021bele de \u00eenv\u0103\u021bare, contribuind la formarea unor cet\u0103\u021beni responsabili \u0219i competen\u021bi.<\/span><\/p>\n","protected":false},"excerpt":{"rendered":"<p>Elevii \u0218colii Gimnaziale ,,Constantin Br\u00e2ncoveanu&#8221;\u009d din R\u00e2mnicu S\u0103rat au acum la dispozi\u021bie un ghid de bune practici, &#8222;\u009dS\u0103pt\u0103m\u00e2na verde&#8221;\u009d, dar \u0219i o revist\u0103 cu activit\u0103\u021bi specifice programului na\u021bional &#8222;\u009dS\u0103pt\u0103m\u00e2na Altfel&#8221;\u009d. Cele dou\u0103 materiale didactice, elaborate de profesorii \u0219colii, au \u0219i scopul de a deveni o surs\u0103 de inspira\u021bie pentru alte cadre didactice \u00een desf\u0103\u0219urarea unor astfel de proiecte. \u00cen paginile Ghidului de bune practici sunt prezentate articole semnate de dasc\u0103lii \u0219colii, dar \u0219i opinii ale reprezentan\u021bilor Inspectoratului \u0218colar Buz\u0103u. Conducerea \u0218colii Gimnaziale ,,Constantin Br\u00e2ncoveanu&#8221;\u009d apreciaz\u0103 activit\u0103\u021bile creative realizate de elevi&hellip;<\/p>\n","protected":false},"author":4,"featured_media":21554,"comment_status":"closed","ping_status":"closed","sticky":false,"template":"","format":"standard","meta":{"footnotes":""},"categories":[165],"tags":[246,7805,7806,6995],"class_list":["post-21553","post","type-post","status-publish","format-standard","has-post-thumbnail","hentry","category-informatia-de-ramnic","tag-elevi","tag-ghid-de-bune-practici","tag-saptamana-altfel","tag-scoala-brancoveanu"],"gutentor_comment":0,"_links":{"self":[{"href":"https:\/\/scurtpe2.ro\/index.php?rest_route=\/wp\/v2\/posts\/21553","targetHints":{"allow":["GET"]}}],"collection":[{"href":"https:\/\/scurtpe2.ro\/index.php?rest_route=\/wp\/v2\/posts"}],"about":[{"href":"https:\/\/scurtpe2.ro\/index.php?rest_route=\/wp\/v2\/types\/post"}],"author":[{"embeddable":true,"href":"https:\/\/scurtpe2.ro\/index.php?rest_route=\/wp\/v2\/users\/4"}],"replies":[{"embeddable":true,"href":"https:\/\/scurtpe2.ro\/index.php?rest_route=%2Fwp%2Fv2%2Fcomments&post=21553"}],"version-history":[{"count":2,"href":"https:\/\/scurtpe2.ro\/index.php?rest_route=\/wp\/v2\/posts\/21553\/revisions"}],"predecessor-version":[{"id":21556,"href":"https:\/\/scurtpe2.ro\/index.php?rest_route=\/wp\/v2\/posts\/21553\/revisions\/21556"}],"wp:featuredmedia":[{"embeddable":true,"href":"https:\/\/scurtpe2.ro\/index.php?rest_route=\/wp\/v2\/media\/21554"}],"wp:attachment":[{"href":"https:\/\/scurtpe2.ro\/index.php?rest_route=%2Fwp%2Fv2%2Fmedia&parent=21553"}],"wp:term":[{"taxonomy":"category","embeddable":true,"href":"https:\/\/scurtpe2.ro\/index.php?rest_route=%2Fwp%2Fv2%2Fcategories&post=21553"},{"taxonomy":"post_tag","embeddable":true,"href":"https:\/\/scurtpe2.ro\/index.php?rest_route=%2Fwp%2Fv2%2Ftags&post=21553"}],"curies":[{"name":"wp","href":"https:\/\/api.w.org\/{rel}","templated":true}]}}