{"id":21537,"date":"2025-01-10T20:59:24","date_gmt":"2025-01-10T17:59:24","guid":{"rendered":"https:\/\/scurtpe2.ro\/?p=21537"},"modified":"2025-01-10T20:59:24","modified_gmt":"2025-01-10T17:59:24","slug":"afectiunile-respiratorii-in-atentia-medicilor","status":"publish","type":"post","link":"https:\/\/scurtpe2.ro\/?p=21537","title":{"rendered":"AFEC\u021aIUNILE RESPIRATORII, \u00ceN ATEN\u021aIA MEDICILOR"},"content":{"rendered":"<p><a href=\"https:\/\/scurtpe2.ro\/2024\/11\/investitii-la-spital\/investitii-la-spital\/\" rel=\"attachment wp-att-21061\"><img loading=\"lazy\" decoding=\"async\" class=\"alignnone size-medium wp-image-21061\" src=\"https:\/\/scurtpe2.ro\/wp-content\/uploads\/2024\/11\/investitii-la-spital-660x365.jpg\" alt=\"\" width=\"660\" height=\"365\" \/><\/a><\/p>\n<p class=\"yiv3627621971ydp59952779msonormal\" style=\"background: white;\"><span lang=\"EN-US\" style=\"font-size: 18.0pt;\">La \u00eenceput de an, la Spitalul Municipal R\u00e2mnicu S\u0103rat, au fost \u00eenregistrate dou\u0103 na\u0219teri. De\u0219i unitatea medical\u0103 nu are angajat un medic neonatolog, Compartimentul de Neonatologie este coordonat de un medic pediatru.<\/span><\/p>\n<p class=\"yiv3627621971ydp59952779msonormal\" style=\"background: white;\"><span lang=\"EN-US\" style=\"font-size: 18.0pt;\">\u00cen aceast\u0103 perioad\u0103, \u0219i la R\u00e2mnicu S\u0103rat sunt \u00eenregistrate afec\u021biuni respiratorii de sezon, \u00eens\u0103 situa\u021bia nu este \u00eengrijor\u0103toare. Cele mai multe consulta\u021bii sunt acordate copiilor care se prezint\u0103 la Camera de Gard\u0103 Pediatrie. Astfel, de la \u00eenceputului anului, 37 de micu\u021bi au fost interna\u021bi la Spitalul Municipal R\u00e2mnicu S\u0103rat. \u00cen r\u00e2ndul pacien\u021bilor adul\u021bi au fost \u00eenregistrate 5 intern\u0103ri pentru tratarea infec\u021biilor respiratorii cu care ace\u0219tia se confrunt\u0103.<\/span><\/p>\n<p class=\"yiv3627621971ydp59952779msonormal\" style=\"background: white;\"><span lang=\"EN-US\" style=\"font-size: 18.0pt;\">Medicii sus\u021bin c\u0103 o alimenta\u021bie s\u0103n\u0103toas\u0103, odihna,\u00c2\u00a0igiena corect\u0103, evitarea aglomera\u021biei \u0219i expunerea la frig, precum \u0219i o \u00eembr\u0103c\u0103minte adecvat\u0103 sunt principalele metode prin care ne putem feri de r\u0103ceal\u0103.<\/span><\/p>\n<p class=\"yiv3627621971ydp59952779msonormal\" style=\"background: white;\"><span lang=\"EN-US\" style=\"font-size: 18.0pt;\">Speciali\u0219tii consider\u0103 c\u0103 pentru reducerea transmiterii virusurilor respiratorii se impune aerisirea frecvent\u0103 a s\u0103lilor de clas\u0103, dar \u0219i cur\u0103\u021benia \u0219i dezinfec\u021bia suprafe\u021belor \u0219i obiectelor din unit\u0103\u021bile de \u00eenv\u0103\u021b\u0103m\u00e2nt \u00eenaintea \u00eenceperii cursurilor. De asemenea, p\u0103rin\u021bii trebuie s\u0103 monitorizeze atent starea de s\u0103n\u0103tate a celor mici.<\/span><\/p>\n","protected":false},"excerpt":{"rendered":"<p>La \u00eenceput de an, la Spitalul Municipal R\u00e2mnicu S\u0103rat, au fost \u00eenregistrate dou\u0103 na\u0219teri. De\u0219i unitatea medical\u0103 nu are angajat un medic neonatolog, Compartimentul de Neonatologie este coordonat de un medic pediatru. \u00cen aceast\u0103 perioad\u0103, \u0219i la R\u00e2mnicu S\u0103rat sunt \u00eenregistrate afec\u021biuni respiratorii de sezon, \u00eens\u0103 situa\u021bia nu este \u00eengrijor\u0103toare. Cele mai multe consulta\u021bii sunt acordate copiilor care se prezint\u0103 la Camera de Gard\u0103 Pediatrie. Astfel, de la \u00eenceputului anului, 37 de micu\u021bi au fost interna\u021bi la Spitalul Municipal R\u00e2mnicu S\u0103rat. \u00cen r\u00e2ndul pacien\u021bilor adul\u021bi au fost \u00eenregistrate 5 intern\u0103ri&hellip;<\/p>\n","protected":false},"author":4,"featured_media":21061,"comment_status":"closed","ping_status":"closed","sticky":false,"template":"","format":"standard","meta":{"footnotes":""},"categories":[165],"tags":[639,7801,7802,2829,746],"class_list":["post-21537","post","type-post","status-publish","format-standard","has-post-thumbnail","hentry","category-informatia-de-ramnic","tag-copii","tag-infectie-respiratorie","tag-neonatolog","tag-pediatrie","tag-spital-municipal"],"gutentor_comment":0,"_links":{"self":[{"href":"https:\/\/scurtpe2.ro\/index.php?rest_route=\/wp\/v2\/posts\/21537","targetHints":{"allow":["GET"]}}],"collection":[{"href":"https:\/\/scurtpe2.ro\/index.php?rest_route=\/wp\/v2\/posts"}],"about":[{"href":"https:\/\/scurtpe2.ro\/index.php?rest_route=\/wp\/v2\/types\/post"}],"author":[{"embeddable":true,"href":"https:\/\/scurtpe2.ro\/index.php?rest_route=\/wp\/v2\/users\/4"}],"replies":[{"embeddable":true,"href":"https:\/\/scurtpe2.ro\/index.php?rest_route=%2Fwp%2Fv2%2Fcomments&post=21537"}],"version-history":[{"count":1,"href":"https:\/\/scurtpe2.ro\/index.php?rest_route=\/wp\/v2\/posts\/21537\/revisions"}],"predecessor-version":[{"id":21538,"href":"https:\/\/scurtpe2.ro\/index.php?rest_route=\/wp\/v2\/posts\/21537\/revisions\/21538"}],"wp:featuredmedia":[{"embeddable":true,"href":"https:\/\/scurtpe2.ro\/index.php?rest_route=\/wp\/v2\/media\/21061"}],"wp:attachment":[{"href":"https:\/\/scurtpe2.ro\/index.php?rest_route=%2Fwp%2Fv2%2Fmedia&parent=21537"}],"wp:term":[{"taxonomy":"category","embeddable":true,"href":"https:\/\/scurtpe2.ro\/index.php?rest_route=%2Fwp%2Fv2%2Fcategories&post=21537"},{"taxonomy":"post_tag","embeddable":true,"href":"https:\/\/scurtpe2.ro\/index.php?rest_route=%2Fwp%2Fv2%2Ftags&post=21537"}],"curies":[{"name":"wp","href":"https:\/\/api.w.org\/{rel}","templated":true}]}}