{"id":21527,"date":"2025-01-09T20:28:25","date_gmt":"2025-01-09T17:28:25","guid":{"rendered":"https:\/\/scurtpe2.ro\/?p=21527"},"modified":"2025-01-10T20:29:44","modified_gmt":"2025-01-10T17:29:44","slug":"conflict-dezamorsat","status":"publish","type":"post","link":"https:\/\/scurtpe2.ro\/?p=21527","title":{"rendered":"CONFLICT DEZAMORSAT"},"content":{"rendered":"<p>Criza g\u0103rzilor la sec\u021bia UPU Pediatrie a Spitalului Jude\u021bean Buz\u0103u pare s\u0103 se fi rezolvat. Medicii pediatri au revenit asupra deciziei de a nu mai efectua g\u0103rzi, dup\u0103 ce au fost convin\u0219i s\u0103 reia activitatea. Situa\u021bia a fost dezamorsat\u0103, \u00een urma \u00eent\u00e2lnirii avute ieri de c\u0103tre medici cu managerul unit\u0103\u021bii medicale, Sorin P\u0103tra\u0219cu, directorul medical, \u0218tefania Manolescu, dar \u0219i cu cei doi vicepre\u0219edin\u021bi ai Consiliului Jude\u021bean, Claudiu Damian \u0219i Adrian Petre. \u00cen urma discu\u021biilor, s-a stabilit ca, de acum \u00eenainte, pe timpul zilei, la UPU Pediatrie vor fi doi medici care vor face g\u0103rzi \u0219i nu doar unul, cum se \u00eent\u00e2mpla p\u00e2n\u0103 acum.<\/p>\n<p>Concret, la aceast\u0103 sec\u021bie vor fi c\u00e2te trei g\u0103rzi \u00een plus pentru fiecare medic pediatru. Astfel, vor fi acoperite g\u0103rzile \u00een 25 de zile pe lun\u0103, ceea ce \u00eenseamn\u0103 c\u0103 vor fi nop\u021bi \u00een care, de la ora 20.00 \u0219i p\u00e2n\u0103 la ora 8.00, nu va fi niciun medic de gard\u0103.<\/p>\n<p>Totu\u0219i, pentru liniile de gard\u0103 r\u0103mase neacoperite, conducerea spitalului a ini\u021biat deja discu\u021bii cu al\u021bi doi medici, pe care s\u0103-i atrag\u0103 \u00een unitatea medical\u0103, pentru a deservi pe timp de noapte urgen\u021bele pediatrice.<\/p>\n<p>O alt\u0103 noutate este aceea c\u0103, pe perioada \u00een care vor lucra la sec\u021bia UPU Pediatrie, medicilor li se va mai reduce volumul de munc\u0103 \u0219i li se va m\u0103ri siguran\u021ba.<\/p>\n<p>\u00centreaga situa\u021bie a ap\u0103rut, \u00een urm\u0103 cu mai bine de o s\u0103pt\u0103m\u00e2n\u0103,\u00c2\u00a0 dup\u0103 o postare f\u0103cut\u0103 de o m\u0103mic\u0103, nemul\u021bumit\u0103 de modul \u00een care a fost tratat copilul s\u0103u la spital, postare care a adunat sute de comentarii negative la adresa medicilor. Ace\u0219tia din urm\u0103 au renun\u021bat la g\u0103rzi, iar \u00een toat\u0103 aceast\u0103 perioad\u0103, copiii care au avut nevoie de \u00eengrijiri de urgen\u021b\u0103 au fost trata\u021bi, fie \u00een sec\u021bia U.P.U. &#8211; SMURD Buz\u0103u, fie au fost transfera\u021bi, la Spitalul Municipal Rm S\u0103rat, ori la Ploie\u0219ti.<\/p>\n","protected":false},"excerpt":{"rendered":"<p>Criza g\u0103rzilor la sec\u021bia UPU Pediatrie a Spitalului Jude\u021bean Buz\u0103u pare s\u0103 se fi rezolvat. Medicii pediatri au revenit asupra deciziei de a nu mai efectua g\u0103rzi, dup\u0103 ce au fost convin\u0219i s\u0103 reia activitatea. Situa\u021bia a fost dezamorsat\u0103, \u00een urma \u00eent\u00e2lnirii avute ieri de c\u0103tre medici cu managerul unit\u0103\u021bii medicale, Sorin P\u0103tra\u0219cu, directorul medical, \u0218tefania Manolescu, dar \u0219i cu cei doi vicepre\u0219edin\u021bi ai Consiliului Jude\u021bean, Claudiu Damian \u0219i Adrian Petre. \u00cen urma discu\u021biilor, s-a stabilit ca, de acum \u00eenainte, pe timpul zilei, la UPU Pediatrie vor fi doi medici&hellip;<\/p>\n","protected":false},"author":4,"featured_media":14639,"comment_status":"closed","ping_status":"closed","sticky":false,"template":"","format":"standard","meta":{"footnotes":""},"categories":[168],"tags":[366,7796,7797,2829,264],"class_list":["post-21527","post","type-post","status-publish","format-standard","has-post-thumbnail","hentry","category-informatia-de-buzau","tag-criza","tag-garda","tag-medic-de-garda","tag-pediatrie","tag-spital-judetean"],"gutentor_comment":0,"_links":{"self":[{"href":"https:\/\/scurtpe2.ro\/index.php?rest_route=\/wp\/v2\/posts\/21527","targetHints":{"allow":["GET"]}}],"collection":[{"href":"https:\/\/scurtpe2.ro\/index.php?rest_route=\/wp\/v2\/posts"}],"about":[{"href":"https:\/\/scurtpe2.ro\/index.php?rest_route=\/wp\/v2\/types\/post"}],"author":[{"embeddable":true,"href":"https:\/\/scurtpe2.ro\/index.php?rest_route=\/wp\/v2\/users\/4"}],"replies":[{"embeddable":true,"href":"https:\/\/scurtpe2.ro\/index.php?rest_route=%2Fwp%2Fv2%2Fcomments&post=21527"}],"version-history":[{"count":1,"href":"https:\/\/scurtpe2.ro\/index.php?rest_route=\/wp\/v2\/posts\/21527\/revisions"}],"predecessor-version":[{"id":21528,"href":"https:\/\/scurtpe2.ro\/index.php?rest_route=\/wp\/v2\/posts\/21527\/revisions\/21528"}],"wp:featuredmedia":[{"embeddable":true,"href":"https:\/\/scurtpe2.ro\/index.php?rest_route=\/wp\/v2\/media\/14639"}],"wp:attachment":[{"href":"https:\/\/scurtpe2.ro\/index.php?rest_route=%2Fwp%2Fv2%2Fmedia&parent=21527"}],"wp:term":[{"taxonomy":"category","embeddable":true,"href":"https:\/\/scurtpe2.ro\/index.php?rest_route=%2Fwp%2Fv2%2Fcategories&post=21527"},{"taxonomy":"post_tag","embeddable":true,"href":"https:\/\/scurtpe2.ro\/index.php?rest_route=%2Fwp%2Fv2%2Ftags&post=21527"}],"curies":[{"name":"wp","href":"https:\/\/api.w.org\/{rel}","templated":true}]}}