{"id":21525,"date":"2025-01-09T20:25:33","date_gmt":"2025-01-09T17:25:33","guid":{"rendered":"https:\/\/scurtpe2.ro\/?p=21525"},"modified":"2025-01-10T20:27:33","modified_gmt":"2025-01-10T17:27:33","slug":"optimist-privind-bugetul","status":"publish","type":"post","link":"https:\/\/scurtpe2.ro\/?p=21525","title":{"rendered":"OPTIMIST PRIVIND BUGETUL"},"content":{"rendered":"<p>Preocuparea politicienilor pentru viitoarele alegeri preziden\u021biale, pare c\u0103 a l\u0103sat \u00een aer adoptarea bugetului na\u021bional. Prev\u0103z\u0103tor, Consiliul Jude\u021bean Buz\u0103u \u0219i-a schi\u021bat, totu\u0219i, \u00een mare, propriul buget pe 2025, care ar putea acoperi cheltuielile propuse.<\/p>\n<p>Lucian Roma\u0219canu evit\u0103 s\u0103 spun\u0103 c\u00e2t de \u00eendestul\u0103tor, sau nu, va fi viitorul buget, dar precizeaz\u0103 c\u0103 jude\u021bul Buz\u0103u va avea banii necesari pentru continuarea proiectele demarate de fostul pre\u0219edinte al Consiliului Jude\u021bean, Petre Emanoil Neagu.<\/p>\n<p>Necesitatea adopt\u0103rii bugetului na\u021bional este imperios necesar\u0103 \u00een contextul \u00een care prim\u0103riile \u0219i consiliile jude\u021bene au termen relativ mic pentru a-\u0219i creiona, supune dezbaterii publice \u0219i votarea propriilor bugete. Mai exact, termenul este de maximum 45 de zile de la data public\u0103rii legii bugetului de stat \u00een Monitorul Oficial al Rom\u00e2niei.<\/p>\n","protected":false},"excerpt":{"rendered":"<p>Preocuparea politicienilor pentru viitoarele alegeri preziden\u021biale, pare c\u0103 a l\u0103sat \u00een aer adoptarea bugetului na\u021bional. Prev\u0103z\u0103tor, Consiliul Jude\u021bean Buz\u0103u \u0219i-a schi\u021bat, totu\u0219i, \u00een mare, propriul buget pe 2025, care ar putea acoperi cheltuielile propuse. Lucian Roma\u0219canu evit\u0103 s\u0103 spun\u0103 c\u00e2t de \u00eendestul\u0103tor, sau nu, va fi viitorul buget, dar precizeaz\u0103 c\u0103 jude\u021bul Buz\u0103u va avea banii necesari pentru continuarea proiectele demarate de fostul pre\u0219edinte al Consiliului Jude\u021bean, Petre Emanoil Neagu. Necesitatea adopt\u0103rii bugetului na\u021bional este imperios necesar\u0103 \u00een contextul \u00een care prim\u0103riile \u0219i consiliile jude\u021bene au termen relativ mic pentru&hellip;<\/p>\n","protected":false},"author":4,"featured_media":20960,"comment_status":"closed","ping_status":"closed","sticky":false,"template":"","format":"standard","meta":{"footnotes":""},"categories":[173,168],"tags":[574,523,2257],"class_list":["post-21525","post","type-post","status-publish","format-standard","has-post-thumbnail","hentry","category-administrativ","category-informatia-de-buzau","tag-buget","tag-consiliu-judetean","tag-proiecte"],"gutentor_comment":0,"_links":{"self":[{"href":"https:\/\/scurtpe2.ro\/index.php?rest_route=\/wp\/v2\/posts\/21525","targetHints":{"allow":["GET"]}}],"collection":[{"href":"https:\/\/scurtpe2.ro\/index.php?rest_route=\/wp\/v2\/posts"}],"about":[{"href":"https:\/\/scurtpe2.ro\/index.php?rest_route=\/wp\/v2\/types\/post"}],"author":[{"embeddable":true,"href":"https:\/\/scurtpe2.ro\/index.php?rest_route=\/wp\/v2\/users\/4"}],"replies":[{"embeddable":true,"href":"https:\/\/scurtpe2.ro\/index.php?rest_route=%2Fwp%2Fv2%2Fcomments&post=21525"}],"version-history":[{"count":1,"href":"https:\/\/scurtpe2.ro\/index.php?rest_route=\/wp\/v2\/posts\/21525\/revisions"}],"predecessor-version":[{"id":21526,"href":"https:\/\/scurtpe2.ro\/index.php?rest_route=\/wp\/v2\/posts\/21525\/revisions\/21526"}],"wp:featuredmedia":[{"embeddable":true,"href":"https:\/\/scurtpe2.ro\/index.php?rest_route=\/wp\/v2\/media\/20960"}],"wp:attachment":[{"href":"https:\/\/scurtpe2.ro\/index.php?rest_route=%2Fwp%2Fv2%2Fmedia&parent=21525"}],"wp:term":[{"taxonomy":"category","embeddable":true,"href":"https:\/\/scurtpe2.ro\/index.php?rest_route=%2Fwp%2Fv2%2Fcategories&post=21525"},{"taxonomy":"post_tag","embeddable":true,"href":"https:\/\/scurtpe2.ro\/index.php?rest_route=%2Fwp%2Fv2%2Ftags&post=21525"}],"curies":[{"name":"wp","href":"https:\/\/api.w.org\/{rel}","templated":true}]}}