{"id":21523,"date":"2025-01-08T19:05:43","date_gmt":"2025-01-08T16:05:43","guid":{"rendered":"https:\/\/scurtpe2.ro\/?p=21523"},"modified":"2025-01-08T19:05:43","modified_gmt":"2025-01-08T16:05:43","slug":"implicati-in-rezolvarea-problemelor-sociale","status":"publish","type":"post","link":"https:\/\/scurtpe2.ro\/?p=21523","title":{"rendered":"IMPLICA\u021aI \u00ceN REZOLVAREA PROBLEMELOR SOCIALE"},"content":{"rendered":"<p class=\"yiv7476737825ydp51609fdemsonormal\" style=\"background: white;\"><span lang=\"EN-US\" style=\"font-size: 18.0pt; color: #1d2228;\">Aplicarea m\u0103surilor sociale \u00een domeniul protec\u021biei copilului, familiei, persoanelor v\u00e2rstnice, persoanelor cu dizabilit\u0103\u021bi, precum \u0219i altor persoane aflate \u00een dificultate a reprezentat principala prioritate a Direc\u021biei de Asisten\u021b\u0103 Social\u0103 R\u00e2mnicu S\u0103rat pe parcursul anului trecut. Institu\u021bia s-a implicat \u00een rezolvarea diverselor probleme cu care s-au confruntat r\u00e2mnicenii afla\u021bi \u00een situa\u021bii de risc, iar sprijinirea persoanelor \u0219i familiilor nevoia\u0219e, a persoanelor cu dizabilit\u0103\u021bi \u0219i a v\u00e2rstnicilor, dar \u0219i protec\u021bia copiilor au fost principalele servicii sociale acordate de asisten\u021bii sociali pe parcursul anului 2024.<\/span><\/p>\n<p class=\"yiv7476737825ydp51609fdemsonormal\" style=\"background: white;\"><span lang=\"EN-US\" style=\"font-size: 18.0pt; color: #1d2228;\">Direc\u021bia de Asisten\u021b\u0103 Social\u0103 R\u00e2mnicu S\u0103rat este institu\u021bia care identific\u0103, previne sau limiteaz\u0103 situa\u021biile de dificultate sau vulnerabilitate care pot duce la marginalizare sau excluziune social, prin acordarea de beneficii \u0219i servicii sociale, promov\u00e2nd incluziunea social\u0103 \u0219i cre\u0219terea calit\u0103\u021bii vie\u021bii.<\/span><\/p>\n","protected":false},"excerpt":{"rendered":"<p>Aplicarea m\u0103surilor sociale \u00een domeniul protec\u021biei copilului, familiei, persoanelor v\u00e2rstnice, persoanelor cu dizabilit\u0103\u021bi, precum \u0219i altor persoane aflate \u00een dificultate a reprezentat principala prioritate a Direc\u021biei de Asisten\u021b\u0103 Social\u0103 R\u00e2mnicu S\u0103rat pe parcursul anului trecut. Institu\u021bia s-a implicat \u00een rezolvarea diverselor probleme cu care s-au confruntat r\u00e2mnicenii afla\u021bi \u00een situa\u021bii de risc, iar sprijinirea persoanelor \u0219i familiilor nevoia\u0219e, a persoanelor cu dizabilit\u0103\u021bi \u0219i a v\u00e2rstnicilor, dar \u0219i protec\u021bia copiilor au fost principalele servicii sociale acordate de asisten\u021bii sociali pe parcursul anului 2024. Direc\u021bia de Asisten\u021b\u0103 Social\u0103 R\u00e2mnicu S\u0103rat este institu\u021bia&hellip;<\/p>\n","protected":false},"author":4,"featured_media":19479,"comment_status":"closed","ping_status":"closed","sticky":false,"template":"","format":"standard","meta":{"footnotes":""},"categories":[165],"tags":[938,7795,7740,3276],"class_list":["post-21523","post","type-post","status-publish","format-standard","has-post-thumbnail","hentry","category-informatia-de-ramnic","tag-asistenta-sociala","tag-calitate-viata","tag-das-rm-sarat","tag-dizabilitati"],"gutentor_comment":0,"_links":{"self":[{"href":"https:\/\/scurtpe2.ro\/index.php?rest_route=\/wp\/v2\/posts\/21523","targetHints":{"allow":["GET"]}}],"collection":[{"href":"https:\/\/scurtpe2.ro\/index.php?rest_route=\/wp\/v2\/posts"}],"about":[{"href":"https:\/\/scurtpe2.ro\/index.php?rest_route=\/wp\/v2\/types\/post"}],"author":[{"embeddable":true,"href":"https:\/\/scurtpe2.ro\/index.php?rest_route=\/wp\/v2\/users\/4"}],"replies":[{"embeddable":true,"href":"https:\/\/scurtpe2.ro\/index.php?rest_route=%2Fwp%2Fv2%2Fcomments&post=21523"}],"version-history":[{"count":1,"href":"https:\/\/scurtpe2.ro\/index.php?rest_route=\/wp\/v2\/posts\/21523\/revisions"}],"predecessor-version":[{"id":21524,"href":"https:\/\/scurtpe2.ro\/index.php?rest_route=\/wp\/v2\/posts\/21523\/revisions\/21524"}],"wp:featuredmedia":[{"embeddable":true,"href":"https:\/\/scurtpe2.ro\/index.php?rest_route=\/wp\/v2\/media\/19479"}],"wp:attachment":[{"href":"https:\/\/scurtpe2.ro\/index.php?rest_route=%2Fwp%2Fv2%2Fmedia&parent=21523"}],"wp:term":[{"taxonomy":"category","embeddable":true,"href":"https:\/\/scurtpe2.ro\/index.php?rest_route=%2Fwp%2Fv2%2Fcategories&post=21523"},{"taxonomy":"post_tag","embeddable":true,"href":"https:\/\/scurtpe2.ro\/index.php?rest_route=%2Fwp%2Fv2%2Ftags&post=21523"}],"curies":[{"name":"wp","href":"https:\/\/api.w.org\/{rel}","templated":true}]}}