{"id":21514,"date":"2025-01-06T18:40:16","date_gmt":"2025-01-06T15:40:16","guid":{"rendered":"https:\/\/scurtpe2.ro\/?p=21514"},"modified":"2025-01-06T18:40:16","modified_gmt":"2025-01-06T15:40:16","slug":"in-continuare-peticit","status":"publish","type":"post","link":"https:\/\/scurtpe2.ro\/?p=21514","title":{"rendered":"\u00ceN CONTINUARE PETICIT!"},"content":{"rendered":"<p>Drumul c\u0103tre cel mai vizitat obiectiv turistic din jude\u021bul Buz\u0103u, Vulcanii Noroio\u0219i, va mai r\u0103m\u00e2ne ceva timp peticit \u0219i la fel de impracticabil. Pre\u0219edintele Consiliului Jude\u021bean Buz\u0103u, Lucian Roma\u0219canu, vine, totu\u0219i, \u0219i cu o veste bun\u0103 la \u00eenceput de an. De\u0219i licita\u021bia de reabilitare a \u0219oselei era pe punctul de a se anula, contesta\u021biile c\u00e2\u0219tigate de dou\u0103 dintre firmele interesate s\u0103 realizeze acest proiect va face ca procedura de atribuire a contractelor s\u0103 nu se mai reia de la zero.<\/p>\n<p>Roma\u0219canu este de p\u0103rere c\u0103 luna viitoare ar putea fi desemnat\u0103 firma sau firmele care ar urma s\u0103 demareze investi\u021bia.<\/p>\n<p>Cert este c\u0103 timp de aproape 3 ani, at\u00e2t c\u00e2t ar dura reabilitarea, \u0219oseaua care duce spre cel mai important obiectiv turistic din Geoparcul \u00c8\u0161inut Buz\u0103ului va r\u0103m\u00e2ne un chin pentru cei care vor s\u0103 se bucure de frumuse\u021bile jude\u021bului. Drumul are nevoie \u0219i de lucr\u0103ri de consolidare, nu doar de refacere a covorului asfaltic, deoarece zona are o structur\u0103 geologic\u0103 aparte, iar pe traseu pot avea loc alunec\u0103ri de teren.<\/p>\n","protected":false},"excerpt":{"rendered":"<p>Drumul c\u0103tre cel mai vizitat obiectiv turistic din jude\u021bul Buz\u0103u, Vulcanii Noroio\u0219i, va mai r\u0103m\u00e2ne ceva timp peticit \u0219i la fel de impracticabil. Pre\u0219edintele Consiliului Jude\u021bean Buz\u0103u, Lucian Roma\u0219canu, vine, totu\u0219i, \u0219i cu o veste bun\u0103 la \u00eenceput de an. De\u0219i licita\u021bia de reabilitare a \u0219oselei era pe punctul de a se anula, contesta\u021biile c\u00e2\u0219tigate de dou\u0103 dintre firmele interesate s\u0103 realizeze acest proiect va face ca procedura de atribuire a contractelor s\u0103 nu se mai reia de la zero. Roma\u0219canu este de p\u0103rere c\u0103 luna viitoare ar putea fi&hellip;<\/p>\n","protected":false},"author":4,"featured_media":21515,"comment_status":"closed","ping_status":"closed","sticky":false,"template":"","format":"standard","meta":{"footnotes":""},"categories":[173],"tags":[523,1588,1696,1839],"class_list":["post-21514","post","type-post","status-publish","format-standard","has-post-thumbnail","hentry","category-administrativ","tag-consiliu-judetean","tag-reabilitare","tag-studiu-fezabilitate","tag-vulcanii-noroiosi"],"gutentor_comment":0,"_links":{"self":[{"href":"https:\/\/scurtpe2.ro\/index.php?rest_route=\/wp\/v2\/posts\/21514","targetHints":{"allow":["GET"]}}],"collection":[{"href":"https:\/\/scurtpe2.ro\/index.php?rest_route=\/wp\/v2\/posts"}],"about":[{"href":"https:\/\/scurtpe2.ro\/index.php?rest_route=\/wp\/v2\/types\/post"}],"author":[{"embeddable":true,"href":"https:\/\/scurtpe2.ro\/index.php?rest_route=\/wp\/v2\/users\/4"}],"replies":[{"embeddable":true,"href":"https:\/\/scurtpe2.ro\/index.php?rest_route=%2Fwp%2Fv2%2Fcomments&post=21514"}],"version-history":[{"count":1,"href":"https:\/\/scurtpe2.ro\/index.php?rest_route=\/wp\/v2\/posts\/21514\/revisions"}],"predecessor-version":[{"id":21516,"href":"https:\/\/scurtpe2.ro\/index.php?rest_route=\/wp\/v2\/posts\/21514\/revisions\/21516"}],"wp:featuredmedia":[{"embeddable":true,"href":"https:\/\/scurtpe2.ro\/index.php?rest_route=\/wp\/v2\/media\/21515"}],"wp:attachment":[{"href":"https:\/\/scurtpe2.ro\/index.php?rest_route=%2Fwp%2Fv2%2Fmedia&parent=21514"}],"wp:term":[{"taxonomy":"category","embeddable":true,"href":"https:\/\/scurtpe2.ro\/index.php?rest_route=%2Fwp%2Fv2%2Fcategories&post=21514"},{"taxonomy":"post_tag","embeddable":true,"href":"https:\/\/scurtpe2.ro\/index.php?rest_route=%2Fwp%2Fv2%2Ftags&post=21514"}],"curies":[{"name":"wp","href":"https:\/\/api.w.org\/{rel}","templated":true}]}}