{"id":21325,"date":"2024-12-04T18:29:50","date_gmt":"2024-12-04T15:29:50","guid":{"rendered":"https:\/\/scurtpe2.ro\/?p=21325"},"modified":"2024-12-05T10:31:28","modified_gmt":"2024-12-05T07:31:28","slug":"a-fost-aprobat-brandul-orasului","status":"publish","type":"post","link":"https:\/\/scurtpe2.ro\/?p=21325","title":{"rendered":"A FOST APROBAT BRANDUL ORA\u0218ULUI"},"content":{"rendered":"<p class=\"yiv5091192361ydp86b7ceemsonormal\" style=\"background: white;\">\n<p class=\"yiv5091192361ydp86b7ceemsonormal\" style=\"background: white;\"><span lang=\"EN-US\" style=\"font-size: 18.0pt; color: #1d2228;\">A fost aprobat brandul municipiului R\u00e2mnicu S\u0103rat, compus din logo \u0219i slogan. Noul brand are scopul de a promova municipiul R\u00e2mnicu S\u0103rat, \u00een contextul dezvolt\u0103rii creativ-inteligente a comunit\u0103\u021bii locale. Totodat\u0103, Consiliul Local Rm. S\u0103rat a aprobat \u0219i Manualul de identitate vizual\u0103 a municipiului, manual ce cuprinde reguli generale de utilizare a brandului de localitate. <\/span><\/p>\n<p class=\"yiv5091192361ydp86b7ceemsonormal\" style=\"background: white;\"><span lang=\"EN-US\" style=\"font-size: 18.0pt; color: #1d2228;\">Brandul cu logoul aferent va fi utilizat gratuit de autorit\u0103\u021bile administra\u021biei locale, de structurile de cazare \u0219i agen\u021biile de turism, acesta put\u00e2nd fi aplicat pe bannere, pliante de promovare, afi\u0219e, suveniruri, c\u0103r\u021bi de vizit\u0103, mobilier urban \u0219i alte elemente de infrastructur\u0103 urban\u0103. Elaboratorii brandului consider\u0103 c\u0103 acesta aduce o identitate vizual\u0103 proasp\u0103t\u0103 \u0219i atractiv\u0103\u00c2\u00a0prin simboluri care reprezint\u0103 valorile locale \u0219i care diferen\u021biaz\u0103 R\u00e2mnicul \u00een regiune. Formele grafice\u00c2\u00a0exprim\u0103 cl\u0103dirile din ora\u0219. Sunt prezente at\u00e2t forme clasice, c\u00e2t \u0219i forme care exprim\u0103 modernismul, simboliz\u00e2nd \u00eembinarea stilului clasic, tradi\u021bional cu cel modern. Calul, simbol al municipiului R\u00e2mnicu S\u0103rat,\u00c2\u00a0este prezent \u0219i \u00een brandul ora\u0219ului \u0219i denot\u0103 curajul, for\u021ba, inteligen\u021ba \u0219i viteza. Sloganul\u00c2\u00a0&#8222;\u0153Oric\u00e2nd. Oriunde. Ora\u0219ul Meu&#8221;\u009d\u00c2\u00a0 este construit ca fiind o declara\u021bie de dragoste \u0219i devotament fa\u021b\u0103 de ora\u0219, o recunoa\u0219tere a rolului vital pe care fiecare locuitor \u00eel joac\u0103 \u00een crearea unui spa\u021biu urban vibrant, divers \u0219i unit. Totodat\u0103, reprezint\u0103 un angajament pentru p\u0103strarea mo\u0219tenirii ora\u0219ului, \u00een timp ce se \u00eembr\u0103\u021bi\u0219eaz\u0103 schimbarea \u0219i inova\u021bia.<\/span><\/p>\n","protected":false},"excerpt":{"rendered":"<p>A fost aprobat brandul municipiului R\u00e2mnicu S\u0103rat, compus din logo \u0219i slogan. Noul brand are scopul de a promova municipiul R\u00e2mnicu S\u0103rat, \u00een contextul dezvolt\u0103rii creativ-inteligente a comunit\u0103\u021bii locale. Totodat\u0103, Consiliul Local Rm. S\u0103rat a aprobat \u0219i Manualul de identitate vizual\u0103 a municipiului, manual ce cuprinde reguli generale de utilizare a brandului de localitate. Brandul cu logoul aferent va fi utilizat gratuit de autorit\u0103\u021bile administra\u021biei locale, de structurile de cazare \u0219i agen\u021biile de turism, acesta put\u00e2nd fi aplicat pe bannere, pliante de promovare, afi\u0219e, suveniruri, c\u0103r\u021bi de vizit\u0103, mobilier urban&hellip;<\/p>\n","protected":false},"author":4,"featured_media":21326,"comment_status":"closed","ping_status":"closed","sticky":false,"template":"","format":"standard","meta":{"footnotes":""},"categories":[173,165],"tags":[4730,7754,7753,4548,7755],"class_list":["post-21325","post","type-post","status-publish","format-standard","has-post-thumbnail","hentry","category-administrativ","category-informatia-de-ramnic","tag-brand","tag-cal","tag-logo","tag-ramnic","tag-slogan"],"gutentor_comment":0,"_links":{"self":[{"href":"https:\/\/scurtpe2.ro\/index.php?rest_route=\/wp\/v2\/posts\/21325","targetHints":{"allow":["GET"]}}],"collection":[{"href":"https:\/\/scurtpe2.ro\/index.php?rest_route=\/wp\/v2\/posts"}],"about":[{"href":"https:\/\/scurtpe2.ro\/index.php?rest_route=\/wp\/v2\/types\/post"}],"author":[{"embeddable":true,"href":"https:\/\/scurtpe2.ro\/index.php?rest_route=\/wp\/v2\/users\/4"}],"replies":[{"embeddable":true,"href":"https:\/\/scurtpe2.ro\/index.php?rest_route=%2Fwp%2Fv2%2Fcomments&post=21325"}],"version-history":[{"count":1,"href":"https:\/\/scurtpe2.ro\/index.php?rest_route=\/wp\/v2\/posts\/21325\/revisions"}],"predecessor-version":[{"id":21327,"href":"https:\/\/scurtpe2.ro\/index.php?rest_route=\/wp\/v2\/posts\/21325\/revisions\/21327"}],"wp:featuredmedia":[{"embeddable":true,"href":"https:\/\/scurtpe2.ro\/index.php?rest_route=\/wp\/v2\/media\/21326"}],"wp:attachment":[{"href":"https:\/\/scurtpe2.ro\/index.php?rest_route=%2Fwp%2Fv2%2Fmedia&parent=21325"}],"wp:term":[{"taxonomy":"category","embeddable":true,"href":"https:\/\/scurtpe2.ro\/index.php?rest_route=%2Fwp%2Fv2%2Fcategories&post=21325"},{"taxonomy":"post_tag","embeddable":true,"href":"https:\/\/scurtpe2.ro\/index.php?rest_route=%2Fwp%2Fv2%2Ftags&post=21325"}],"curies":[{"name":"wp","href":"https:\/\/api.w.org\/{rel}","templated":true}]}}