{"id":20755,"date":"2024-09-30T16:57:38","date_gmt":"2024-09-30T13:57:38","guid":{"rendered":"https:\/\/scurtpe2.ro\/?p=20755"},"modified":"2024-09-30T16:57:38","modified_gmt":"2024-09-30T13:57:38","slug":"expozitie-omagiala","status":"publish","type":"post","link":"https:\/\/scurtpe2.ro\/?p=20755","title":{"rendered":"EXPOZI\u021aIE OMAGIAL\u0102"},"content":{"rendered":"<p class=\"yiv5247807788ydp16bcbf55msonormal\" style=\"background: white;\"><span lang=\"EN-US\" style=\"font-size: 18.0pt;\">Important eveniment de art\u0103, g\u0103zduit, recent, de Muzeul Municipal &#8222;\u0153Octavian Mo\u0219escu&#8221;\u009d din R\u00e2mnicu S\u0103rat. \u00cen Sala Turn, a avut loc finisajul expozi\u021biei de pictur\u0103 &#8222;\u0153Gr\u0103dina Mo\u0219escu&#8221;\u009d, expozi\u021bie omagial\u0103 dedicat\u0103 regretatului Alexandru M\u0103ciuc\u0103, fostul director al Muzeului Municipal. &#8222;\u0153Gr\u0103dina Mo\u0219escu&#8221;\u009deste un proiect aflat la cea de-a V-a edi\u021bie, ini\u021biat de &#8222;\u0153Casa Mo\u0219escu&#8221;\u009d, prin intermediul Victoriei Maciuc\u0103 \u0219i Anei-Maria Maciuc\u0103. Anul acesta, \u00een cadrul proiectului, au expus 49 de pictori. La eveniment au fost prezen\u021bi istoricul de art\u0103 Pavel \u0218u\u0219ar\u0103, dar \u0219i istoricul de art\u0103 \u0219i artistul plastic Dalina B\u0103descu.<\/span><\/p>\n<p class=\"yiv5247807788ydp16bcbf55msonormal\" style=\"background: white;\"><span lang=\"EN-US\" style=\"font-size: 18.0pt;\">Prima edi\u021bie a proiectului &#8222;\u009dGr\u0103dina Mo\u0219escu&#8221;\u009d a fost inspirat\u0103 de o fotografie realizat\u0103 \u00een gr\u0103din\u0103 \u0219i postat\u0103 pe o re\u021bea de socializare de c\u0103tre regretatul Alexandru M\u0103ciuc\u0103, nepotul lui Octavian Mo\u0219escu. Startul proiectului a fost dat de pictorul Mircea N\u0103stase, c\u0103ruia i s-au al\u0103turat arti\u0219ti\u00c2\u00a0din toat\u0103 \u021bar\u0103. Prin acest proiect, familia M\u0103ciuc\u0103 \u0219i-a propus \u00eencurajarea tuturor pictorilor talenta\u021bi.<\/span><\/p>\n","protected":false},"excerpt":{"rendered":"<p>Important eveniment de art\u0103, g\u0103zduit, recent, de Muzeul Municipal &#8222;\u0153Octavian Mo\u0219escu&#8221;\u009d din R\u00e2mnicu S\u0103rat. \u00cen Sala Turn, a avut loc finisajul expozi\u021biei de pictur\u0103 &#8222;\u0153Gr\u0103dina Mo\u0219escu&#8221;\u009d, expozi\u021bie omagial\u0103 dedicat\u0103 regretatului Alexandru M\u0103ciuc\u0103, fostul director al Muzeului Municipal. &#8222;\u0153Gr\u0103dina Mo\u0219escu&#8221;\u009deste un proiect aflat la cea de-a V-a edi\u021bie, ini\u021biat de &#8222;\u0153Casa Mo\u0219escu&#8221;\u009d, prin intermediul Victoriei Maciuc\u0103 \u0219i Anei-Maria Maciuc\u0103. Anul acesta, \u00een cadrul proiectului, au expus 49 de pictori. La eveniment au fost prezen\u021bi istoricul de art\u0103 Pavel \u0218u\u0219ar\u0103, dar \u0219i istoricul de art\u0103 \u0219i artistul plastic Dalina B\u0103descu. Prima edi\u021bie&hellip;<\/p>\n","protected":false},"author":4,"featured_media":20757,"comment_status":"closed","ping_status":"closed","sticky":false,"template":"","format":"standard","meta":{"footnotes":""},"categories":[165],"tags":[6871,615,1804,3034],"class_list":["post-20755","post","type-post","status-publish","format-standard","has-post-thumbnail","hentry","category-informatia-de-ramnic","tag-alexandru-maciuca","tag-expozitie","tag-gradina-mosescu","tag-omagiu"],"gutentor_comment":0,"_links":{"self":[{"href":"https:\/\/scurtpe2.ro\/index.php?rest_route=\/wp\/v2\/posts\/20755","targetHints":{"allow":["GET"]}}],"collection":[{"href":"https:\/\/scurtpe2.ro\/index.php?rest_route=\/wp\/v2\/posts"}],"about":[{"href":"https:\/\/scurtpe2.ro\/index.php?rest_route=\/wp\/v2\/types\/post"}],"author":[{"embeddable":true,"href":"https:\/\/scurtpe2.ro\/index.php?rest_route=\/wp\/v2\/users\/4"}],"replies":[{"embeddable":true,"href":"https:\/\/scurtpe2.ro\/index.php?rest_route=%2Fwp%2Fv2%2Fcomments&post=20755"}],"version-history":[{"count":1,"href":"https:\/\/scurtpe2.ro\/index.php?rest_route=\/wp\/v2\/posts\/20755\/revisions"}],"predecessor-version":[{"id":20758,"href":"https:\/\/scurtpe2.ro\/index.php?rest_route=\/wp\/v2\/posts\/20755\/revisions\/20758"}],"wp:featuredmedia":[{"embeddable":true,"href":"https:\/\/scurtpe2.ro\/index.php?rest_route=\/wp\/v2\/media\/20757"}],"wp:attachment":[{"href":"https:\/\/scurtpe2.ro\/index.php?rest_route=%2Fwp%2Fv2%2Fmedia&parent=20755"}],"wp:term":[{"taxonomy":"category","embeddable":true,"href":"https:\/\/scurtpe2.ro\/index.php?rest_route=%2Fwp%2Fv2%2Fcategories&post=20755"},{"taxonomy":"post_tag","embeddable":true,"href":"https:\/\/scurtpe2.ro\/index.php?rest_route=%2Fwp%2Fv2%2Ftags&post=20755"}],"curies":[{"name":"wp","href":"https:\/\/api.w.org\/{rel}","templated":true}]}}