{"id":20502,"date":"2024-09-02T18:11:05","date_gmt":"2024-09-02T15:11:05","guid":{"rendered":"https:\/\/scurtpe2.ro\/?p=20502"},"modified":"2024-09-02T18:11:05","modified_gmt":"2024-09-02T15:11:05","slug":"isi-doresc-un-parc-industrial","status":"publish","type":"post","link":"https:\/\/scurtpe2.ro\/?p=20502","title":{"rendered":"\u00ce\u0218I DORESC UN PARC INDUSTRIAL"},"content":{"rendered":"<p>Autorit\u0103\u021bile din R\u00e2mnicu S\u0103rat inten\u021bioneaz\u0103 s\u0103 demareze un proiect major pentru economia ora\u0219ului. Este vorba despre realizarea unui parc industrial la marginea municipiului. \u00cen vederea demar\u0103rii procedurilor de constituire \u0219i func\u021bionare a parcului industrial, Consiliul Local a aprobat trecerea unui teren \u00een suprafa\u021b\u0103 de 20.000 mp, din proprietatea public\u0103 a jude\u021bului Buz\u0103u \u0219i administrarea Consiliului Jude\u021bean Buz\u0103u, \u00een proprietatea public\u0103 a municipiului R\u00e2mnicu S\u0103rat \u0219i administrarea Consiliului Local R\u00e2mnicu S\u0103rat.<\/p>\n<p>Autorit\u0103\u021bile din Rm S\u0103rat precizeaz\u0103 c\u0103, \u00een perioada urm\u0103toare, vor demara noi investi\u021bii pentru reactivarea zonei industriale a ora\u0219ului \u0219i pentru atragerea de noi investitori.<\/p>\n","protected":false},"excerpt":{"rendered":"<p>Autorit\u0103\u021bile din R\u00e2mnicu S\u0103rat inten\u021bioneaz\u0103 s\u0103 demareze un proiect major pentru economia ora\u0219ului. Este vorba despre realizarea unui parc industrial la marginea municipiului. \u00cen vederea demar\u0103rii procedurilor de constituire \u0219i func\u021bionare a parcului industrial, Consiliul Local a aprobat trecerea unui teren \u00een suprafa\u021b\u0103 de 20.000 mp, din proprietatea public\u0103 a jude\u021bului Buz\u0103u \u0219i administrarea Consiliului Jude\u021bean Buz\u0103u, \u00een proprietatea public\u0103 a municipiului R\u00e2mnicu S\u0103rat \u0219i administrarea Consiliului Local R\u00e2mnicu S\u0103rat. Autorit\u0103\u021bile din Rm S\u0103rat precizeaz\u0103 c\u0103, \u00een perioada urm\u0103toare, vor demara noi investi\u021bii pentru reactivarea zonei industriale a ora\u0219ului \u0219i&hellip;<\/p>\n","protected":false},"author":4,"featured_media":16658,"comment_status":"closed","ping_status":"closed","sticky":false,"template":"","format":"standard","meta":{"footnotes":""},"categories":[173],"tags":[1011,4863,1141],"class_list":["post-20502","post","type-post","status-publish","format-standard","has-post-thumbnail","hentry","category-administrativ","tag-investitii","tag-parc-industrial","tag-teren"],"gutentor_comment":0,"_links":{"self":[{"href":"https:\/\/scurtpe2.ro\/index.php?rest_route=\/wp\/v2\/posts\/20502","targetHints":{"allow":["GET"]}}],"collection":[{"href":"https:\/\/scurtpe2.ro\/index.php?rest_route=\/wp\/v2\/posts"}],"about":[{"href":"https:\/\/scurtpe2.ro\/index.php?rest_route=\/wp\/v2\/types\/post"}],"author":[{"embeddable":true,"href":"https:\/\/scurtpe2.ro\/index.php?rest_route=\/wp\/v2\/users\/4"}],"replies":[{"embeddable":true,"href":"https:\/\/scurtpe2.ro\/index.php?rest_route=%2Fwp%2Fv2%2Fcomments&post=20502"}],"version-history":[{"count":1,"href":"https:\/\/scurtpe2.ro\/index.php?rest_route=\/wp\/v2\/posts\/20502\/revisions"}],"predecessor-version":[{"id":20503,"href":"https:\/\/scurtpe2.ro\/index.php?rest_route=\/wp\/v2\/posts\/20502\/revisions\/20503"}],"wp:featuredmedia":[{"embeddable":true,"href":"https:\/\/scurtpe2.ro\/index.php?rest_route=\/wp\/v2\/media\/16658"}],"wp:attachment":[{"href":"https:\/\/scurtpe2.ro\/index.php?rest_route=%2Fwp%2Fv2%2Fmedia&parent=20502"}],"wp:term":[{"taxonomy":"category","embeddable":true,"href":"https:\/\/scurtpe2.ro\/index.php?rest_route=%2Fwp%2Fv2%2Fcategories&post=20502"},{"taxonomy":"post_tag","embeddable":true,"href":"https:\/\/scurtpe2.ro\/index.php?rest_route=%2Fwp%2Fv2%2Ftags&post=20502"}],"curies":[{"name":"wp","href":"https:\/\/api.w.org\/{rel}","templated":true}]}}