{"id":20345,"date":"2024-08-14T10:21:45","date_gmt":"2024-08-14T07:21:45","guid":{"rendered":"https:\/\/scurtpe2.ro\/?p=20345"},"modified":"2024-08-14T10:21:45","modified_gmt":"2024-08-14T07:21:45","slug":"comori-restaurate","status":"publish","type":"post","link":"https:\/\/scurtpe2.ro\/?p=20345","title":{"rendered":"COMORI RESTAURATE"},"content":{"rendered":"<p>Mai multe piese din lemn, vechi de sute de ani, aflate \u00een colec\u021biile Muzeului Jude\u021bean Buz\u0103u, vor fi trimise la un laborator specializat pentru a fi restaurate. Este vorba despre Laboratorul Zonal de Restaurare din Suceava unde obiectele vor trece printr-un lung \u0219ir de lucr\u0103ri de reconstituire. Printre capodoperele de lemn care au fost trimise la restaurare se afl\u0103 o coloan\u0103 din lemn, decorat\u0103 \u00een stil br\u00e2ncovenesc, ce provine de la fosta m\u0103n\u0103stire Berca. De asemenea, exper\u021bii din Suceava vor reface cu migal\u0103 \u0219i dou\u0103 piese de mobilier ce au apar\u021binut marelui poet buzoian Vasile Voiculescu. Potrivit reprezentan\u021bilor Muzeului Jude\u021bean, piesele ar urma s\u0103 se re\u00eentoarc\u0103 la Buz\u0103u, pentru a fi din nou expuse publicului, c\u0103tre sf\u00e2r\u0219itul acestui an sau cel t\u00e2rziu prima jum\u0103tate a anului viitor.<\/p>\n<p>&nbsp;<\/p>\n<p>&nbsp;<\/p>\n","protected":false},"excerpt":{"rendered":"<p>Mai multe piese din lemn, vechi de sute de ani, aflate \u00een colec\u021biile Muzeului Jude\u021bean Buz\u0103u, vor fi trimise la un laborator specializat pentru a fi restaurate. Este vorba despre Laboratorul Zonal de Restaurare din Suceava unde obiectele vor trece printr-un lung \u0219ir de lucr\u0103ri de reconstituire. Printre capodoperele de lemn care au fost trimise la restaurare se afl\u0103 o coloan\u0103 din lemn, decorat\u0103 \u00een stil br\u00e2ncovenesc, ce provine de la fosta m\u0103n\u0103stire Berca. De asemenea, exper\u021bii din Suceava vor reface cu migal\u0103 \u0219i dou\u0103 piese de mobilier ce au&hellip;<\/p>\n","protected":false},"author":4,"featured_media":20346,"comment_status":"closed","ping_status":"closed","sticky":false,"template":"","format":"standard","meta":{"footnotes":""},"categories":[168],"tags":[7444,627,7445],"class_list":["post-20345","post","type-post","status-publish","format-standard","has-post-thumbnail","hentry","category-informatia-de-buzau","tag-capodobere","tag-muzeu-judetean","tag-stil-brancovenesc"],"gutentor_comment":0,"_links":{"self":[{"href":"https:\/\/scurtpe2.ro\/index.php?rest_route=\/wp\/v2\/posts\/20345","targetHints":{"allow":["GET"]}}],"collection":[{"href":"https:\/\/scurtpe2.ro\/index.php?rest_route=\/wp\/v2\/posts"}],"about":[{"href":"https:\/\/scurtpe2.ro\/index.php?rest_route=\/wp\/v2\/types\/post"}],"author":[{"embeddable":true,"href":"https:\/\/scurtpe2.ro\/index.php?rest_route=\/wp\/v2\/users\/4"}],"replies":[{"embeddable":true,"href":"https:\/\/scurtpe2.ro\/index.php?rest_route=%2Fwp%2Fv2%2Fcomments&post=20345"}],"version-history":[{"count":1,"href":"https:\/\/scurtpe2.ro\/index.php?rest_route=\/wp\/v2\/posts\/20345\/revisions"}],"predecessor-version":[{"id":20347,"href":"https:\/\/scurtpe2.ro\/index.php?rest_route=\/wp\/v2\/posts\/20345\/revisions\/20347"}],"wp:featuredmedia":[{"embeddable":true,"href":"https:\/\/scurtpe2.ro\/index.php?rest_route=\/wp\/v2\/media\/20346"}],"wp:attachment":[{"href":"https:\/\/scurtpe2.ro\/index.php?rest_route=%2Fwp%2Fv2%2Fmedia&parent=20345"}],"wp:term":[{"taxonomy":"category","embeddable":true,"href":"https:\/\/scurtpe2.ro\/index.php?rest_route=%2Fwp%2Fv2%2Fcategories&post=20345"},{"taxonomy":"post_tag","embeddable":true,"href":"https:\/\/scurtpe2.ro\/index.php?rest_route=%2Fwp%2Fv2%2Ftags&post=20345"}],"curies":[{"name":"wp","href":"https:\/\/api.w.org\/{rel}","templated":true}]}}