{"id":20035,"date":"2024-06-11T18:15:33","date_gmt":"2024-06-11T15:15:33","guid":{"rendered":"https:\/\/scurtpe2.ro\/?p=20035"},"modified":"2024-06-17T16:17:41","modified_gmt":"2024-06-17T13:17:41","slug":"planul-pentru-ramniceni","status":"publish","type":"post","link":"https:\/\/scurtpe2.ro\/?p=20035","title":{"rendered":"PLANUL PENTRU R\u00c3\u201aMNICENI"},"content":{"rendered":"<p class=\"ydpf0e64578msonormal\"><span>Rezultatul ob\u021binut la alegerile locale din 9 iunie \u00eel oblig\u0103 pe\u00c2\u00a0\u00c2\u00a0<\/span>\u00c2\u00a0<span>Sorin C\u00eerjan, candidatul PSD, s\u0103 onoreze toate proiectele prezentate r\u00e2mnicenilor \u00een campania electoral\u0103. Primarul \u00een func\u021bie spune c\u0103 locuitorii municipiului R\u00e2mnicu S\u0103rat s-au mobilizat \u00een num\u0103r mare la urne, iar o asemenea prezen\u021b\u0103 nu a mai fost \u00eenregistrat\u0103 \u00een ultimii ani. \u00cen urm\u0103toarea perioad\u0103, se va constitui un grup de lucru, iar proiectele prezentate r\u00e2mnicenilor, pe perioada campaniei electorale, s\u0103 se poat\u0103 realiza.<\/span><\/p>\n<p class=\"ydpf0e64578msonormal\">La alegerile locale din 9 iunie, \u00een municipiul R\u00e2mnicu S\u0103rat, sa \u00eenregistrat o prezen\u021b\u0103 de aproape 45 %. Rezultatul ob\u021binut de Sorin C\u00eerjan, candidatul PSD, a fost de 64,33%. Social- democratul sus\u021bine c\u0103 scorul ob\u021binut at\u00e2t de candidat, c\u00e2t \u0219i de consilierii locale PSD, este foarte mare. Lista de consilieri social-democra\u021bi a fost votat\u0103 de 59,68 % dintre aleg\u0103torii care s-au prezentat la urne. Sorin C\u00eerjan asigur\u0103 r\u00e2mnicenii c\u0103 \u00een cadrul \u0219edintelor Consiliului Local vor avea loc, \u00een continuare, discu\u021bii \u0219i dezbateri transparente \u0219i constructive.\u00c2\u00a0<span>Edilul este \u00eencrez\u0103tor c\u0103 toate proiectele asumate \u00een fa\u021ba r\u00e2mnicenilor vor fi \u00eendeplinite \u0219i \u00eempreun\u0103 cu noul Consiliu Local va duce municipiul R\u00e2mnicu S\u0103rat la un alt nivel.<\/span><\/p>\n<p class=\"ydpf0e64578yiv5574548277ydpff143c7eyiv6598460910ydp2acebc32yiv8217381126ydpaa0ea0a1msonormal\">Sorin C\u00eerjan este primar al municipiului R\u00e2mnicu S\u0103rat din iulie 2016. \u00cen perioada 2008-2016, C\u00eerjan a ocupat func\u021bia de viceprimar al ora\u0219ului.<\/p>\n","protected":false},"excerpt":{"rendered":"<p>Rezultatul ob\u021binut la alegerile locale din 9 iunie \u00eel oblig\u0103 pe\u00c2\u00a0\u00c2\u00a0\u00c2\u00a0Sorin C\u00eerjan, candidatul PSD, s\u0103 onoreze toate proiectele prezentate r\u00e2mnicenilor \u00een campania electoral\u0103. Primarul \u00een func\u021bie spune c\u0103 locuitorii municipiului R\u00e2mnicu S\u0103rat s-au mobilizat \u00een num\u0103r mare la urne, iar o asemenea prezen\u021b\u0103 nu a mai fost \u00eenregistrat\u0103 \u00een ultimii ani. \u00cen urm\u0103toarea perioad\u0103, se va constitui un grup de lucru, iar proiectele prezentate r\u00e2mnicenilor, pe perioada campaniei electorale, s\u0103 se poat\u0103 realiza. La alegerile locale din 9 iunie, \u00een municipiul R\u00e2mnicu S\u0103rat, sa \u00eenregistrat o prezen\u021b\u0103 de aproape 45&hellip;<\/p>\n","protected":false},"author":4,"featured_media":19987,"comment_status":"closed","ping_status":"closed","sticky":false,"template":"","format":"standard","meta":{"footnotes":""},"categories":[165],"tags":[1275,7314,3155,778,698],"class_list":["post-20035","post","type-post","status-publish","format-standard","has-post-thumbnail","hentry","category-informatia-de-ramnic","tag-consiliu-local","tag-locale-2024","tag-primar-rm-sarat","tag-ramniceni","tag-sorin-cirjan"],"gutentor_comment":0,"_links":{"self":[{"href":"https:\/\/scurtpe2.ro\/index.php?rest_route=\/wp\/v2\/posts\/20035","targetHints":{"allow":["GET"]}}],"collection":[{"href":"https:\/\/scurtpe2.ro\/index.php?rest_route=\/wp\/v2\/posts"}],"about":[{"href":"https:\/\/scurtpe2.ro\/index.php?rest_route=\/wp\/v2\/types\/post"}],"author":[{"embeddable":true,"href":"https:\/\/scurtpe2.ro\/index.php?rest_route=\/wp\/v2\/users\/4"}],"replies":[{"embeddable":true,"href":"https:\/\/scurtpe2.ro\/index.php?rest_route=%2Fwp%2Fv2%2Fcomments&post=20035"}],"version-history":[{"count":1,"href":"https:\/\/scurtpe2.ro\/index.php?rest_route=\/wp\/v2\/posts\/20035\/revisions"}],"predecessor-version":[{"id":20036,"href":"https:\/\/scurtpe2.ro\/index.php?rest_route=\/wp\/v2\/posts\/20035\/revisions\/20036"}],"wp:featuredmedia":[{"embeddable":true,"href":"https:\/\/scurtpe2.ro\/index.php?rest_route=\/wp\/v2\/media\/19987"}],"wp:attachment":[{"href":"https:\/\/scurtpe2.ro\/index.php?rest_route=%2Fwp%2Fv2%2Fmedia&parent=20035"}],"wp:term":[{"taxonomy":"category","embeddable":true,"href":"https:\/\/scurtpe2.ro\/index.php?rest_route=%2Fwp%2Fv2%2Fcategories&post=20035"},{"taxonomy":"post_tag","embeddable":true,"href":"https:\/\/scurtpe2.ro\/index.php?rest_route=%2Fwp%2Fv2%2Ftags&post=20035"}],"curies":[{"name":"wp","href":"https:\/\/api.w.org\/{rel}","templated":true}]}}