{"id":20030,"date":"2024-06-12T18:42:51","date_gmt":"2024-06-12T15:42:51","guid":{"rendered":"https:\/\/scurtpe2.ro\/?p=20030"},"modified":"2024-06-17T15:47:35","modified_gmt":"2024-06-17T12:47:35","slug":"un-judet-inrosit","status":"publish","type":"post","link":"https:\/\/scurtpe2.ro\/?p=20030","title":{"rendered":"UN JUDE\u021a&#8230; \u00ceNRO\u0218IT"},"content":{"rendered":"<p>La Buz\u0103u, c\u00e2nd prive\u0219ti harta Rom\u00e2niei, po\u021bi spune c\u0103 vezi ro\u0219u \u00een fa\u021ba ochilor. \u0218i asta pentru c\u0103 Partidul Social Democrat a c\u00e2\u0219tigat alegerile \u00een jude\u021b, ob\u021bin\u00e2nd un scor care \u00eei asigur\u0103 majorit\u0103\u021bi confortabile at\u00e2t \u00een consiliile municipale, c\u00e2t \u0219i \u00een Consiliul Jude\u021bean Buz\u0103u.<\/p>\n<p>La num\u0103rul de prim\u0103rii adjudecate, social-democra\u021bii au fost la un pas s\u0103 dep\u0103\u0219easc\u0103 recordul ob\u021binut \u00een urm\u0103 cu 8 ani, de c\u0103tre actualul premier, Marcel Ciolacu, pre\u0219edinte al organiza\u021biei la acea vreme. Atunci, PSD Buz\u0103u ob\u021binea 77 de mandate de primar, \u00een timp ce dup\u0103 alegerile din 9 iunie 2024, actualul lider al organiza\u021biei jude\u021bene, Lucian Roma\u0219canu, se poate m\u00e2ndri c\u0103 a c\u00e2\u0219tigat 76 de prim\u0103rii.<\/p>\n<p>A\u0219a cum anticipase, Roma\u0219canu, imediat dup\u0103 \u00eenchiderea sec\u021biilor de votare, PSD a pierdut \u0219i c\u00e2teva prim\u0103rii &#8222;\u201c 10, care au ajuns la PNL (Cisl\u0103u, Z\u0103rne\u0219ti, Valea Salciei, Cozieni, N\u0103eni, Ulmeni, Glodeanu S\u0103rat, Br\u0103deanu, Padina, Cilibia) \u0219i una &#8222;\u201c cea de la Lop\u0103tari, la USR.<\/p>\n<p>\u00cen ce prive\u0219te Consiliul Jude\u021bean, \u0219i acesta a fost c\u00e2\u0219tigat de PSD Buz\u0103u, Lucian Roma\u0219canu ob\u021bin\u00e2nd un scor de 59,53 la sut\u0103, \u00een urma votului pentru func\u021bia de pre\u0219edinte al micului parlament jude\u021bean. Liderul PSD Buz\u0103u a fost urmat \u00een b\u0103t\u0103lia pentru \u0219efia CJ de c\u0103tre Adrian Mocanu (PNL), cu 16,25 la sut\u0103, de Dorin B\u0103dulescu (ADU) &#8211; cu 9,63 la sut\u0103 \u0219i de Sorin Muncaciu (AUR) &#8211; cu 8,78 la sut\u0103.<\/p>\n<p>La municipiul Buz\u0103u, Constantin Toma \u0219i-a adjudecat f\u0103r\u0103 emo\u021bii \u0219i al trelea mandat de primar, cu un procent de 67,32 la sut\u0103, \u00een timp ce, la R\u00e2mnicu S\u0103rat, primarul Sorin C\u00eerjan a ob\u021binut 64,33 procente.<\/p>\n","protected":false},"excerpt":{"rendered":"<p>La Buz\u0103u, c\u00e2nd prive\u0219ti harta Rom\u00e2niei, po\u021bi spune c\u0103 vezi ro\u0219u \u00een fa\u021ba ochilor. \u0218i asta pentru c\u0103 Partidul Social Democrat a c\u00e2\u0219tigat alegerile \u00een jude\u021b, ob\u021bin\u00e2nd un scor care \u00eei asigur\u0103 majorit\u0103\u021bi confortabile at\u00e2t \u00een consiliile municipale, c\u00e2t \u0219i \u00een Consiliul Jude\u021bean Buz\u0103u. La num\u0103rul de prim\u0103rii adjudecate, social-democra\u021bii au fost la un pas s\u0103 dep\u0103\u0219easc\u0103 recordul ob\u021binut \u00een urm\u0103 cu 8 ani, de c\u0103tre actualul premier, Marcel Ciolacu, pre\u0219edinte al organiza\u021biei la acea vreme. Atunci, PSD Buz\u0103u ob\u021binea 77 de mandate de primar, \u00een timp ce dup\u0103 alegerile&hellip;<\/p>\n","protected":false},"author":4,"featured_media":20031,"comment_status":"closed","ping_status":"closed","sticky":false,"template":"","format":"standard","meta":{"footnotes":""},"categories":[168,165],"tags":[1893,5784,3157,1243,2768],"class_list":["post-20030","post","type-post","status-publish","format-standard","has-post-thumbnail","hentry","category-informatia-de-buzau","category-informatia-de-ramnic","tag-alegeri-locale","tag-lucian-romascanu","tag-mandate","tag-psd-buzau","tag-social-democrati"],"gutentor_comment":0,"_links":{"self":[{"href":"https:\/\/scurtpe2.ro\/index.php?rest_route=\/wp\/v2\/posts\/20030","targetHints":{"allow":["GET"]}}],"collection":[{"href":"https:\/\/scurtpe2.ro\/index.php?rest_route=\/wp\/v2\/posts"}],"about":[{"href":"https:\/\/scurtpe2.ro\/index.php?rest_route=\/wp\/v2\/types\/post"}],"author":[{"embeddable":true,"href":"https:\/\/scurtpe2.ro\/index.php?rest_route=\/wp\/v2\/users\/4"}],"replies":[{"embeddable":true,"href":"https:\/\/scurtpe2.ro\/index.php?rest_route=%2Fwp%2Fv2%2Fcomments&post=20030"}],"version-history":[{"count":1,"href":"https:\/\/scurtpe2.ro\/index.php?rest_route=\/wp\/v2\/posts\/20030\/revisions"}],"predecessor-version":[{"id":20032,"href":"https:\/\/scurtpe2.ro\/index.php?rest_route=\/wp\/v2\/posts\/20030\/revisions\/20032"}],"wp:featuredmedia":[{"embeddable":true,"href":"https:\/\/scurtpe2.ro\/index.php?rest_route=\/wp\/v2\/media\/20031"}],"wp:attachment":[{"href":"https:\/\/scurtpe2.ro\/index.php?rest_route=%2Fwp%2Fv2%2Fmedia&parent=20030"}],"wp:term":[{"taxonomy":"category","embeddable":true,"href":"https:\/\/scurtpe2.ro\/index.php?rest_route=%2Fwp%2Fv2%2Fcategories&post=20030"},{"taxonomy":"post_tag","embeddable":true,"href":"https:\/\/scurtpe2.ro\/index.php?rest_route=%2Fwp%2Fv2%2Ftags&post=20030"}],"curies":[{"name":"wp","href":"https:\/\/api.w.org\/{rel}","templated":true}]}}