{"id":19816,"date":"2024-05-28T18:10:03","date_gmt":"2024-05-28T15:10:03","guid":{"rendered":"https:\/\/scurtpe2.ro\/?p=19816"},"modified":"2024-05-28T18:10:03","modified_gmt":"2024-05-28T15:10:03","slug":"vor-sa-fie-scoli-verzi","status":"publish","type":"post","link":"https:\/\/scurtpe2.ro\/?p=19816","title":{"rendered":"VOR S\u0102 FIE \u0218COLI VERZI"},"content":{"rendered":"<p class=\"yiv3195489793ydpa91843e2msonormal\" style=\"background: white;\"><span lang=\"EN-US\" style=\"font-size: 18.0pt;\">Trei unit\u0103\u021bi de \u00eenv\u0103\u021b\u0103m\u00e2nt din municipiul R\u00e2mnicu S\u0103rat fac pa\u0219i importan\u021bi pentru a deveni \u0219coli verzi. Este vorba despre \u0218coala Gimnazial\u0103 &#8222;\u009dConstantin Br\u00e2ncoveanu&#8221;\u009d, \u0218coala Gimnazial\u0103 &#8222;\u009dGheorghe Vernescu&#8221;\u009d \u0219i \u0218coala &#8222;\u009dVasile Cristoforeanu&#8221;\u009d, care au fost incluse \u00eentr-un proiect de renovare \u00een vederea eficientiz\u0103rii energetice. Pentru c\u0103 cele mai multe cl\u0103diri ale acestor \u0219coli sunt vechi \u0219i ineficiente, \u0219i nu pot asigura un mediu optim pentru \u00eenv\u0103\u021bare, renov\u0103rile reprezint\u0103 o oportunitate pentru reducerea semnificativ\u0103 a consumului de energie, precum \u0219i de a crea condi\u021bii mai bune pentru performan\u021ba \u0219colar\u0103 \u0219i s\u0103n\u0103tatea elevilor \u0219i a profesorilor. <\/span><\/p>\n<p class=\"yiv3195489793ydpa91843e2msonormal\" style=\"background: white;\"><span lang=\"EN-US\" style=\"font-size: 18.0pt;\">Proiectul vizeaz\u0103 printre altele, \u00eembun\u0103t\u0103\u021birea izola\u021biei termice a anvelopei cl\u0103dirilor, precum \u0219i introducerea, reabilitarea \u0219i modernizarea, dup\u0103 caz, a instala\u021biilor pentru prepararea, distribu\u021bia \u0219i utilizarea agentului termic pentru \u00eenc\u0103lzire \u0219i a apei calde de consum, a sistemelor de ventilare \u0219i climatizare, dar \u0219i utilizarea surselor regenerabile de energie.<\/span><\/p>\n<p class=\"yiv3195489793ydpa91843e2msonormal\" style=\"background: white;\"><span lang=\"EN-US\" style=\"font-size: 18.0pt;\">Conceptul de &#8222;\u017e\u0219coal\u0103 verde&#8221;\u009d desemneaz\u0103 profilul unei \u0219coli care creeaz\u0103 un mediu s\u0103n\u0103tos \u0219i care favorizeaz\u0103 \u00eenv\u0103\u021barea, \u00een timp ce economise\u0219te resurse, genereaz\u0103 energie electric\u0103 proprie \u0219i folose\u0219te tehnologii ce reduc emisiile de gaze cu efect de ser\u0103.<\/span><\/p>\n","protected":false},"excerpt":{"rendered":"<p>Trei unit\u0103\u021bi de \u00eenv\u0103\u021b\u0103m\u00e2nt din municipiul R\u00e2mnicu S\u0103rat fac pa\u0219i importan\u021bi pentru a deveni \u0219coli verzi. Este vorba despre \u0218coala Gimnazial\u0103 &#8222;\u009dConstantin Br\u00e2ncoveanu&#8221;\u009d, \u0218coala Gimnazial\u0103 &#8222;\u009dGheorghe Vernescu&#8221;\u009d \u0219i \u0218coala &#8222;\u009dVasile Cristoforeanu&#8221;\u009d, care au fost incluse \u00eentr-un proiect de renovare \u00een vederea eficientiz\u0103rii energetice. Pentru c\u0103 cele mai multe cl\u0103diri ale acestor \u0219coli sunt vechi \u0219i ineficiente, \u0219i nu pot asigura un mediu optim pentru \u00eenv\u0103\u021bare, renov\u0103rile reprezint\u0103 o oportunitate pentru reducerea semnificativ\u0103 a consumului de energie, precum \u0219i de a crea condi\u021bii mai bune pentru performan\u021ba \u0219colar\u0103 \u0219i s\u0103n\u0103tatea elevilor&hellip;<\/p>\n","protected":false},"author":4,"featured_media":16738,"comment_status":"closed","ping_status":"closed","sticky":false,"template":"","format":"standard","meta":{"footnotes":""},"categories":[165],"tags":[5771,1526,1369,7255,1757],"class_list":["post-19816","post","type-post","status-publish","format-standard","has-post-thumbnail","hentry","category-informatia-de-ramnic","tag-constantin-brancoveanu","tag-mediu","tag-proiect","tag-resurse","tag-scoala-verde"],"gutentor_comment":0,"_links":{"self":[{"href":"https:\/\/scurtpe2.ro\/index.php?rest_route=\/wp\/v2\/posts\/19816","targetHints":{"allow":["GET"]}}],"collection":[{"href":"https:\/\/scurtpe2.ro\/index.php?rest_route=\/wp\/v2\/posts"}],"about":[{"href":"https:\/\/scurtpe2.ro\/index.php?rest_route=\/wp\/v2\/types\/post"}],"author":[{"embeddable":true,"href":"https:\/\/scurtpe2.ro\/index.php?rest_route=\/wp\/v2\/users\/4"}],"replies":[{"embeddable":true,"href":"https:\/\/scurtpe2.ro\/index.php?rest_route=%2Fwp%2Fv2%2Fcomments&post=19816"}],"version-history":[{"count":1,"href":"https:\/\/scurtpe2.ro\/index.php?rest_route=\/wp\/v2\/posts\/19816\/revisions"}],"predecessor-version":[{"id":19817,"href":"https:\/\/scurtpe2.ro\/index.php?rest_route=\/wp\/v2\/posts\/19816\/revisions\/19817"}],"wp:featuredmedia":[{"embeddable":true,"href":"https:\/\/scurtpe2.ro\/index.php?rest_route=\/wp\/v2\/media\/16738"}],"wp:attachment":[{"href":"https:\/\/scurtpe2.ro\/index.php?rest_route=%2Fwp%2Fv2%2Fmedia&parent=19816"}],"wp:term":[{"taxonomy":"category","embeddable":true,"href":"https:\/\/scurtpe2.ro\/index.php?rest_route=%2Fwp%2Fv2%2Fcategories&post=19816"},{"taxonomy":"post_tag","embeddable":true,"href":"https:\/\/scurtpe2.ro\/index.php?rest_route=%2Fwp%2Fv2%2Ftags&post=19816"}],"curies":[{"name":"wp","href":"https:\/\/api.w.org\/{rel}","templated":true}]}}