{"id":19769,"date":"2024-05-23T18:09:57","date_gmt":"2024-05-23T15:09:57","guid":{"rendered":"https:\/\/scurtpe2.ro\/?p=19769"},"modified":"2024-05-23T18:09:57","modified_gmt":"2024-05-23T15:09:57","slug":"alerta-in-agricultura","status":"publish","type":"post","link":"https:\/\/scurtpe2.ro\/?p=19769","title":{"rendered":"ALERT\u0102 \u00ceN AGRICULTUR\u0102!"},"content":{"rendered":"<p>Terenuri aride \u0219i culturi calamitate! A\u0219a se prezint\u0103 c\u00e2mpurile din jude\u021bul Buz\u0103u, dup\u0103 o prim\u0103var\u0103 extrem de capricioas\u0103. Diferen\u021bele de temperatur\u0103, seceta pedologic\u0103 dar \u0219i v\u00e2ntul puternic care a evaporat apa din ploi au produs pagube \u00eensemnate cultivatorilor de gr\u00e2u din Buz\u0103u. Este \u0219i motivul pentru care conducerea Direc\u021biei Agricole a solicitat prefectului, ca reprezentant al Guvernului \u00een teritoriu, s\u0103 fac\u0103 demersurile necesare pentru a declara Buz\u0103ul &#8222;\u017ejude\u021b calamitat&#8221;\u009d.<\/p>\n<p>&#8222;\u017eStare de calamitate&#8221;\u009d se poate declara \u00een localit\u0103\u021bile sau \u00een jude\u021bele unde, din cauza secetei pedologice sau a altor factori, mai mult de 50% din suprafa\u021ba acoperit\u0103 de culturi agricole este compromis\u0103. Pentru ca Prefectura Buz\u0103u s\u0103 fac\u0103 demersurile ce se impun \u00een aceast\u0103 situa\u021bie, Direc\u021bia Agricol\u0103 va trimite toate documentele necesare justificative. Starea de calamitate ar putea fi impus\u0103 printr-o hot\u0103r\u00e2re a Comitetului Jude\u021bean pentru Situa\u021bii de Urgen\u021b\u0103.<\/p>\n<p>Reprezentan\u021bii Direc\u021biei Agricole spun c\u0103 \u00een multe zone din nord-estul jude\u021bului culturile de toamn\u0103 sunt afectate aproape total. Dac\u0103 Buz\u0103ul ar urma s\u0103 fie declarat jude\u021b calamitat, pentru a ob\u021bine desp\u0103gubiri, fermierii afecta\u021bi de secet\u0103 pot depune \u00een\u0219tiin\u021b\u0103ri cu privire la suprafe\u021bele afectate. \u00cen 2023, tot din cauza secetei, Buz\u0103ul s-a plasat pe primul loc \u00een \u021bar\u0103, \u00een ceea ce prive\u0219te num\u0103rul dosarelor depuse de fermieri pentru desp\u0103gubiri.<\/p>\n","protected":false},"excerpt":{"rendered":"<p>Terenuri aride \u0219i culturi calamitate! A\u0219a se prezint\u0103 c\u00e2mpurile din jude\u021bul Buz\u0103u, dup\u0103 o prim\u0103var\u0103 extrem de capricioas\u0103. Diferen\u021bele de temperatur\u0103, seceta pedologic\u0103 dar \u0219i v\u00e2ntul puternic care a evaporat apa din ploi au produs pagube \u00eensemnate cultivatorilor de gr\u00e2u din Buz\u0103u. Este \u0219i motivul pentru care conducerea Direc\u021biei Agricole a solicitat prefectului, ca reprezentant al Guvernului \u00een teritoriu, s\u0103 fac\u0103 demersurile necesare pentru a declara Buz\u0103ul &#8222;\u017ejude\u021b calamitat&#8221;\u009d. &#8222;\u017eStare de calamitate&#8221;\u009d se poate declara \u00een localit\u0103\u021bile sau \u00een jude\u021bele unde, din cauza secetei pedologice sau a altor factori, mai&hellip;<\/p>\n","protected":false},"author":4,"featured_media":0,"comment_status":"closed","ping_status":"closed","sticky":false,"template":"","format":"standard","meta":{"footnotes":""},"categories":[173,168],"tags":[7245,5636,611,7246,7244,1075],"class_list":["post-19769","post","type-post","status-publish","format-standard","hentry","category-administrativ","category-informatia-de-buzau","tag-arid","tag-directia-agricola","tag-fermieri","tag-seceta-pedologica","tag-stare-de-calamitate","tag-urgenta"],"gutentor_comment":0,"_links":{"self":[{"href":"https:\/\/scurtpe2.ro\/index.php?rest_route=\/wp\/v2\/posts\/19769","targetHints":{"allow":["GET"]}}],"collection":[{"href":"https:\/\/scurtpe2.ro\/index.php?rest_route=\/wp\/v2\/posts"}],"about":[{"href":"https:\/\/scurtpe2.ro\/index.php?rest_route=\/wp\/v2\/types\/post"}],"author":[{"embeddable":true,"href":"https:\/\/scurtpe2.ro\/index.php?rest_route=\/wp\/v2\/users\/4"}],"replies":[{"embeddable":true,"href":"https:\/\/scurtpe2.ro\/index.php?rest_route=%2Fwp%2Fv2%2Fcomments&post=19769"}],"version-history":[{"count":1,"href":"https:\/\/scurtpe2.ro\/index.php?rest_route=\/wp\/v2\/posts\/19769\/revisions"}],"predecessor-version":[{"id":19771,"href":"https:\/\/scurtpe2.ro\/index.php?rest_route=\/wp\/v2\/posts\/19769\/revisions\/19771"}],"wp:attachment":[{"href":"https:\/\/scurtpe2.ro\/index.php?rest_route=%2Fwp%2Fv2%2Fmedia&parent=19769"}],"wp:term":[{"taxonomy":"category","embeddable":true,"href":"https:\/\/scurtpe2.ro\/index.php?rest_route=%2Fwp%2Fv2%2Fcategories&post=19769"},{"taxonomy":"post_tag","embeddable":true,"href":"https:\/\/scurtpe2.ro\/index.php?rest_route=%2Fwp%2Fv2%2Ftags&post=19769"}],"curies":[{"name":"wp","href":"https:\/\/api.w.org\/{rel}","templated":true}]}}