{"id":19736,"date":"2024-05-21T19:22:02","date_gmt":"2024-05-21T16:22:02","guid":{"rendered":"https:\/\/scurtpe2.ro\/?p=19736"},"modified":"2024-05-21T19:22:02","modified_gmt":"2024-05-21T16:22:02","slug":"doar-o-solutie-pentru-apa-potabila","status":"publish","type":"post","link":"https:\/\/scurtpe2.ro\/?p=19736","title":{"rendered":"DOAR O SOLU\u021aIE, PENTRU AP\u0102 POTABIL\u0102"},"content":{"rendered":"<p>Sunt probleme mari \u00een ceea ce prive\u0219te alimentarea cu ap\u0103 potabil\u0103 \u00een tot mai multe localit\u0103\u021bi din jude\u021bul Buz\u0103u. Vara se apropie, \u00eencet dar sigur, iar deficitul de ap\u0103 din sol este d\u00c3\u00a9j\u00c3\u00a0 extrem de ridicat. O explica\u021bie este seceta care s-a instalat \u00een jude\u021b de ceva timp, sursele insuficiente de ap\u0103, dar \u0219i lipsa de implicare a autorit\u0103\u021bilor locale, care nu gr\u0103besc demersurile de modernizare a sistemele de furnizare a apei potabile. Una dintre cele mai grave situa\u021bii este \u00een comuna N\u0103ieni.<\/p>\n<p>Prin deciziile Comitetului Jude\u021bean pentru Situa\u021bii de Urgen\u021b\u0103 autorit\u0103\u021bile au \u00eencercat s\u0103 \u00eei ajute pe localnicii din N\u0103eni, cu cisterne cu ap\u0103, chiar \u0219i \u00een aceast\u0103 prim\u0103var\u0103. Prefectul Daniel \u00c8\u0161iclea este \u00eens\u0103 de p\u0103rere c\u0103 aceast\u0103 situa\u021bie nu va putea continua prea mult astfel.<\/p>\n<p>Situa\u021bia este cu at\u00e2t mai dificil\u0103, cu c\u00e2t, pe raza comunei N\u0103eni, nu prea sunt nici f\u00e2nt\u00e2ni de la care oamenii s\u0103 se poat\u0103 aproviziona cu ap\u0103.<\/p>\n","protected":false},"excerpt":{"rendered":"<p>Sunt probleme mari \u00een ceea ce prive\u0219te alimentarea cu ap\u0103 potabil\u0103 \u00een tot mai multe localit\u0103\u021bi din jude\u021bul Buz\u0103u. Vara se apropie, \u00eencet dar sigur, iar deficitul de ap\u0103 din sol este d\u00c3\u00a9j\u00c3\u00a0 extrem de ridicat. O explica\u021bie este seceta care s-a instalat \u00een jude\u021b de ceva timp, sursele insuficiente de ap\u0103, dar \u0219i lipsa de implicare a autorit\u0103\u021bilor locale, care nu gr\u0103besc demersurile de modernizare a sistemele de furnizare a apei potabile. Una dintre cele mai grave situa\u021bii este \u00een comuna N\u0103ieni. Prin deciziile Comitetului Jude\u021bean pentru Situa\u021bii de&hellip;<\/p>\n","protected":false},"author":4,"featured_media":19737,"comment_status":"closed","ping_status":"closed","sticky":false,"template":"","format":"standard","meta":{"footnotes":""},"categories":[173],"tags":[6215,7233,7232,694],"class_list":["post-19736","post","type-post","status-publish","format-standard","has-post-thumbnail","hentry","category-administrativ","tag-apa-potabila","tag-cisterna-cu-apa","tag-naieni","tag-prefect"],"gutentor_comment":0,"_links":{"self":[{"href":"https:\/\/scurtpe2.ro\/index.php?rest_route=\/wp\/v2\/posts\/19736","targetHints":{"allow":["GET"]}}],"collection":[{"href":"https:\/\/scurtpe2.ro\/index.php?rest_route=\/wp\/v2\/posts"}],"about":[{"href":"https:\/\/scurtpe2.ro\/index.php?rest_route=\/wp\/v2\/types\/post"}],"author":[{"embeddable":true,"href":"https:\/\/scurtpe2.ro\/index.php?rest_route=\/wp\/v2\/users\/4"}],"replies":[{"embeddable":true,"href":"https:\/\/scurtpe2.ro\/index.php?rest_route=%2Fwp%2Fv2%2Fcomments&post=19736"}],"version-history":[{"count":1,"href":"https:\/\/scurtpe2.ro\/index.php?rest_route=\/wp\/v2\/posts\/19736\/revisions"}],"predecessor-version":[{"id":19738,"href":"https:\/\/scurtpe2.ro\/index.php?rest_route=\/wp\/v2\/posts\/19736\/revisions\/19738"}],"wp:featuredmedia":[{"embeddable":true,"href":"https:\/\/scurtpe2.ro\/index.php?rest_route=\/wp\/v2\/media\/19737"}],"wp:attachment":[{"href":"https:\/\/scurtpe2.ro\/index.php?rest_route=%2Fwp%2Fv2%2Fmedia&parent=19736"}],"wp:term":[{"taxonomy":"category","embeddable":true,"href":"https:\/\/scurtpe2.ro\/index.php?rest_route=%2Fwp%2Fv2%2Fcategories&post=19736"},{"taxonomy":"post_tag","embeddable":true,"href":"https:\/\/scurtpe2.ro\/index.php?rest_route=%2Fwp%2Fv2%2Ftags&post=19736"}],"curies":[{"name":"wp","href":"https:\/\/api.w.org\/{rel}","templated":true}]}}