{"id":19671,"date":"2024-05-10T18:26:09","date_gmt":"2024-05-10T15:26:09","guid":{"rendered":"https:\/\/scurtpe2.ro\/?p=19671"},"modified":"2024-05-10T18:26:09","modified_gmt":"2024-05-10T15:26:09","slug":"invatamantul-dual-unica-optiune","status":"publish","type":"post","link":"https:\/\/scurtpe2.ro\/?p=19671","title":{"rendered":"\u00ceNV\u0102\u021a\u0102M\u00c3\u201aNTUL DUAL, UNICA OP\u021aIUNE"},"content":{"rendered":"<p>\u00cenfiin\u021barea unui Centru pentru \u00eenv\u0103\u021b\u0103m\u00e2ntul dual la Buz\u0103u este singura solu\u021bie pentru ca firmele din jude\u021b s\u0103-\u0219i g\u0103seasc\u0103 angaja\u021bi califica\u021bi. Este p\u0103rerea premierului Marcel Ciolacu, prezent la Buz\u0103u, \u00een urm\u0103 cu c\u00e2teva zile. R\u0103spunsul demnitarului vine \u00een contextul unui raport al Camerei de Comer\u021b \u0219i Industrie a Rom\u00e2niei, din care rezult\u0103 c\u0103 multe societ\u0103\u021bi \u0219i-au \u00eenchis activitatea \u0219i din cauza deficitului de angaja\u021bi califica\u021bi \u00een diverse profesii.<\/p>\n<p>\u00cen prezent, 250 de elevi urmeaz\u0103 \u00eenv\u0103\u021b\u0103m\u00e2ntul dual \u00een Buz\u0103u, potrivit datelor publicate de Ministerul Educa\u021biei. \u00cen jude\u021bul Buz\u0103u, 6 licee au clase duale: trei \u00een municipiul Buz\u0103u \u0219i alte trei \u00een municipiul R\u00e2mnicu S\u0103rat. \u00cenv\u0103\u021b\u0103m\u00e2ntul profesional dual pe model german &#8222;\u201c cu practic\u0103 la operatorul economic \u0219i mentorat oferit de companie, care la final \u00eei acord\u0103 absolventului de \u00eenv\u0103\u021b\u0103m\u00e2nt dual \u00eent\u00e2ietate la angajare &#8222;\u201c a fost introdus \u00een 2011 prin Legea educa\u021biei Funeriu-Miclea, fiind men\u021binut de Legea Deca-Iohannis.<\/p>\n","protected":false},"excerpt":{"rendered":"<p>\u00cenfiin\u021barea unui Centru pentru \u00eenv\u0103\u021b\u0103m\u00e2ntul dual la Buz\u0103u este singura solu\u021bie pentru ca firmele din jude\u021b s\u0103-\u0219i g\u0103seasc\u0103 angaja\u021bi califica\u021bi. Este p\u0103rerea premierului Marcel Ciolacu, prezent la Buz\u0103u, \u00een urm\u0103 cu c\u00e2teva zile. R\u0103spunsul demnitarului vine \u00een contextul unui raport al Camerei de Comer\u021b \u0219i Industrie a Rom\u00e2niei, din care rezult\u0103 c\u0103 multe societ\u0103\u021bi \u0219i-au \u00eenchis activitatea \u0219i din cauza deficitului de angaja\u021bi califica\u021bi \u00een diverse profesii. \u00cen prezent, 250 de elevi urmeaz\u0103 \u00eenv\u0103\u021b\u0103m\u00e2ntul dual \u00een Buz\u0103u, potrivit datelor publicate de Ministerul Educa\u021biei. \u00cen jude\u021bul Buz\u0103u, 6 licee au clase&hellip;<\/p>\n","protected":false},"author":4,"featured_media":14561,"comment_status":"closed","ping_status":"closed","sticky":false,"template":"","format":"standard","meta":{"footnotes":""},"categories":[168],"tags":[4385,5354,1191,7218],"class_list":["post-19671","post","type-post","status-publish","format-standard","has-post-thumbnail","hentry","category-informatia-de-buzau","tag-absolventi","tag-invatamant-dual","tag-lege","tag-loc-de-munca"],"gutentor_comment":0,"_links":{"self":[{"href":"https:\/\/scurtpe2.ro\/index.php?rest_route=\/wp\/v2\/posts\/19671","targetHints":{"allow":["GET"]}}],"collection":[{"href":"https:\/\/scurtpe2.ro\/index.php?rest_route=\/wp\/v2\/posts"}],"about":[{"href":"https:\/\/scurtpe2.ro\/index.php?rest_route=\/wp\/v2\/types\/post"}],"author":[{"embeddable":true,"href":"https:\/\/scurtpe2.ro\/index.php?rest_route=\/wp\/v2\/users\/4"}],"replies":[{"embeddable":true,"href":"https:\/\/scurtpe2.ro\/index.php?rest_route=%2Fwp%2Fv2%2Fcomments&post=19671"}],"version-history":[{"count":2,"href":"https:\/\/scurtpe2.ro\/index.php?rest_route=\/wp\/v2\/posts\/19671\/revisions"}],"predecessor-version":[{"id":19673,"href":"https:\/\/scurtpe2.ro\/index.php?rest_route=\/wp\/v2\/posts\/19671\/revisions\/19673"}],"wp:featuredmedia":[{"embeddable":true,"href":"https:\/\/scurtpe2.ro\/index.php?rest_route=\/wp\/v2\/media\/14561"}],"wp:attachment":[{"href":"https:\/\/scurtpe2.ro\/index.php?rest_route=%2Fwp%2Fv2%2Fmedia&parent=19671"}],"wp:term":[{"taxonomy":"category","embeddable":true,"href":"https:\/\/scurtpe2.ro\/index.php?rest_route=%2Fwp%2Fv2%2Fcategories&post=19671"},{"taxonomy":"post_tag","embeddable":true,"href":"https:\/\/scurtpe2.ro\/index.php?rest_route=%2Fwp%2Fv2%2Ftags&post=19671"}],"curies":[{"name":"wp","href":"https:\/\/api.w.org\/{rel}","templated":true}]}}