{"id":19561,"date":"2024-04-26T18:06:07","date_gmt":"2024-04-26T15:06:07","guid":{"rendered":"https:\/\/scurtpe2.ro\/?p=19561"},"modified":"2024-04-26T18:06:07","modified_gmt":"2024-04-26T15:06:07","slug":"si-au-depus-candidaturile-2","status":"publish","type":"post","link":"https:\/\/scurtpe2.ro\/?p=19561","title":{"rendered":"\u0218I-AU DEPUS CANDIDATURILE"},"content":{"rendered":"<p>Zi important\u0103, ast\u0103zi, pentru candida\u021bii PSD la dou\u0103 dintre cele mai importante func\u021bii din administra\u021bia buzoian\u0103: Consiliul Jude\u021bean \u0219i Prim\u0103ria Buz\u0103u. Liderul PSD Buz\u0103u, senatorul Lucian Roma\u0219canu, \u0219i primarul municipiului Buz\u0103u, Constantin Toma, s-au \u00eenscris oficial \u00een cursa pentru alegerile din 9 iunie.<\/p>\n<p>Primul care \u0219i-a depus dosarul de candidatur\u0103 la biroul de circumscrip\u021bie a fost Constantin Toma. Edilul Buz\u0103ului vizeaz\u0103 un al treilea mandat de primar din partea PSD. \u00censo\u021bit de cei doi viceprimari social-democra\u021bi, dar \u0219i de c\u0103tre cei ce vor fi propu\u0219i pentru prima dat\u0103 de PSD pentru func\u021biile de consilieri, Constantin Toma, s-a ar\u0103tat \u00eencrez\u0103tor \u00eentr-o victorie deta\u0219at\u0103, caz \u00een care \u00ee\u0219i va putea pune \u00een practic\u0103 noi planuri pentru dezvoltarea muncipiului \u00een urm\u0103torii 4 ani.<\/p>\n<p>\u0218i liderul PSD Buz\u0103u, senatorul Lucian Roma\u0219canu, a intrat ast\u0103zi, oficial, \u00een cursa electoral\u0103 pentru func\u021bia de pre\u0219edinte al Consiliului Jude\u021bean Buz\u0103u. Spre deosebire de Constantin Toma, Roma\u0219canu se afl\u0103 la prima sa candidatur\u0103 pentru o func\u021bie \u00een administra\u021bia local\u0103. El consider\u0103, \u00eens\u0103, c\u0103 experien\u021ba politic\u0103, pe care a acumulat-o, at\u00e2t \u00een Senatul Rom\u00e2niei, c\u00e2t \u0219i ca ministru al Culturii, \u00eel va ajuta s\u0103 promoveze noi proiecte \u0219i investi\u021bii de anvergur\u0103 pentru jude\u021b.<\/p>\n<p>\u0218i Lucian Roma\u0219canu a fost \u00eenso\u021bit, ast\u0103zi, la depunerea oficial\u0103 a candidaturii, de unii dintre cei pe care PSD vrea s\u0103-i propulseze \u00een func\u021biile de consilieri jude\u021beni. Printre ei s-a num\u0103rat \u0219i cea mai t\u00e2n\u0103r\u0103 candidat\u0103 social-democrat\u0103, \u00een v\u00e2rst\u0103 de 23 de ani. E a f\u0103cut studii universitare \u00een Londra \u0219i a acceptat propunerea PSD, pentru a se putea implica \u00een c\u00e2t mai multe proiecte pentru jude\u021bul Buz\u0103u, \u00een special pentru tineri.<\/p>\n<p>Liderul PSD Buz\u0103u, Lucian Roma\u0219canu a declarat c\u0103 PSD este singurul partid care are liste complete de primari \u0219i consilieri \u00een toate localit\u0103\u021bile jude\u021bului Buz\u0103u.<\/p>\n","protected":false},"excerpt":{"rendered":"<p>Zi important\u0103, ast\u0103zi, pentru candida\u021bii PSD la dou\u0103 dintre cele mai importante func\u021bii din administra\u021bia buzoian\u0103: Consiliul Jude\u021bean \u0219i Prim\u0103ria Buz\u0103u. Liderul PSD Buz\u0103u, senatorul Lucian Roma\u0219canu, \u0219i primarul municipiului Buz\u0103u, Constantin Toma, s-au \u00eenscris oficial \u00een cursa pentru alegerile din 9 iunie. Primul care \u0219i-a depus dosarul de candidatur\u0103 la biroul de circumscrip\u021bie a fost Constantin Toma. Edilul Buz\u0103ului vizeaz\u0103 un al treilea mandat de primar din partea PSD. \u00censo\u021bit de cei doi viceprimari social-democra\u021bi, dar \u0219i de c\u0103tre cei ce vor fi propu\u0219i pentru prima dat\u0103 de PSD&hellip;<\/p>\n","protected":false},"author":4,"featured_media":19562,"comment_status":"closed","ping_status":"closed","sticky":false,"template":"","format":"standard","meta":{"footnotes":""},"categories":[7116,168,143],"tags":[1893,2997,1015,318,5784,1243],"class_list":["post-19561","post","type-post","status-publish","format-standard","has-post-thumbnail","hentry","category-alegeri-2024","category-informatia-de-buzau","category-editoriale","tag-alegeri-locale","tag-candidaturi","tag-consilieri","tag-constantin-toma","tag-lucian-romascanu","tag-psd-buzau"],"gutentor_comment":0,"_links":{"self":[{"href":"https:\/\/scurtpe2.ro\/index.php?rest_route=\/wp\/v2\/posts\/19561","targetHints":{"allow":["GET"]}}],"collection":[{"href":"https:\/\/scurtpe2.ro\/index.php?rest_route=\/wp\/v2\/posts"}],"about":[{"href":"https:\/\/scurtpe2.ro\/index.php?rest_route=\/wp\/v2\/types\/post"}],"author":[{"embeddable":true,"href":"https:\/\/scurtpe2.ro\/index.php?rest_route=\/wp\/v2\/users\/4"}],"replies":[{"embeddable":true,"href":"https:\/\/scurtpe2.ro\/index.php?rest_route=%2Fwp%2Fv2%2Fcomments&post=19561"}],"version-history":[{"count":2,"href":"https:\/\/scurtpe2.ro\/index.php?rest_route=\/wp\/v2\/posts\/19561\/revisions"}],"predecessor-version":[{"id":19564,"href":"https:\/\/scurtpe2.ro\/index.php?rest_route=\/wp\/v2\/posts\/19561\/revisions\/19564"}],"wp:featuredmedia":[{"embeddable":true,"href":"https:\/\/scurtpe2.ro\/index.php?rest_route=\/wp\/v2\/media\/19562"}],"wp:attachment":[{"href":"https:\/\/scurtpe2.ro\/index.php?rest_route=%2Fwp%2Fv2%2Fmedia&parent=19561"}],"wp:term":[{"taxonomy":"category","embeddable":true,"href":"https:\/\/scurtpe2.ro\/index.php?rest_route=%2Fwp%2Fv2%2Fcategories&post=19561"},{"taxonomy":"post_tag","embeddable":true,"href":"https:\/\/scurtpe2.ro\/index.php?rest_route=%2Fwp%2Fv2%2Ftags&post=19561"}],"curies":[{"name":"wp","href":"https:\/\/api.w.org\/{rel}","templated":true}]}}