{"id":18432,"date":"2023-11-06T19:08:12","date_gmt":"2023-11-06T16:08:12","guid":{"rendered":"https:\/\/scurtpe2.ro\/?p=18432"},"modified":"2023-11-06T19:08:12","modified_gmt":"2023-11-06T16:08:12","slug":"vizita-maraton","status":"publish","type":"post","link":"https:\/\/scurtpe2.ro\/?p=18432","title":{"rendered":"VIZIT\u0102 MARATON"},"content":{"rendered":"<p>Vizit\u0103 maraton a ministrului PSD al Tineretului, Familiei \u0219i Egalit\u0103\u021bii de \u0218anse, Natalia Intotero, \u00een jude\u021bul Buz\u0103u. Timp de dou\u0103 zile, Natalia Intotero a vizitat mai multe centre sociale din subordinea Direc\u021biei Generale de Asisten\u021b\u0103 Social\u0103 \u0219i Protec\u021bia Copilului Buz\u0103u, at\u00e2t din zone rurale, c\u00e2t \u0219i din muncipiile Buz\u0103u \u0219i Rm. S\u0103rat. Ministrul Familiei a discutat cu angaja\u021bii sistemului de asisten\u021b\u0103 social\u0103, dar \u0219i cu mai mul\u021bi copii din centrele de \u00eengrijire. Natalia Intotero \u0219i-a exprimat bucuria c\u0103 minorii sunt bine \u00eengriji\u021bi, au o rela\u021bie bun\u0103 cu reprezentan\u021bii serviciilor sociale, \u00ee\u0219i cunosc drepturile \u0219i obliga\u021biile \u0219i sunt dispu\u0219i s\u0103 \u00ee\u0219i exprime direct nemul\u021bumirile.<\/p>\n<p>La sediul Direc\u021biei Generale de Asisten\u021b\u0103 Social\u0103 \u0219i Protec\u021bia Copilului Buz\u0103u, Ministrul Familei s-a \u00eent\u00e2lnit cu reprezentan\u021bii organiza\u021biilor neguvernamentale specializate \u00een promovarea drepturilor familiilor, copiilor \u0219i tineretului, pentru a dezbate priorit\u0103\u021bile sectoriale ale Ministerului. La reuniune au participat \u0219i primarul municipiului Buz\u0103u, Constantin Toma, deputa\u021bii PSD Andi Cristea \u0219i Lauren\u021biu \u00c8\u0161epelu\u0219, precum \u0219i vicepre\u0219edintele Consiliului Jude\u021bean, Adrian Petre<\/p>\n<p>De asemenea, la sediul Organiza\u021biei Municipale Buz\u0103u a Partidului Social Democrat, Natalia Intotero a purtat discu\u021bii cu colegii din partid pe teme precum educa\u021bia, oportunit\u0103\u021bile de angajare pentru tineri, egalitatea de \u0219anse \u0219i proiectele guvernamentale de sprijin pentru familiile tinere. Al\u0103turi de pre\u0219edintele Organiza\u021biei Municipale Buz\u0103u PSD, primarul Constantin Toma, la discu\u021bii au participat deputatul Romeo Lungu, senatorul Liliana Sb\u00eernea, Oana Gheorghiu, pre\u0219edintele femeilor social-democrate din municipiul Buz\u0103u, precum \u0219i pre\u0219edintele Tineretului Social Democrat Buz\u0103u, Costin Stanciu.<\/p>\n","protected":false},"excerpt":{"rendered":"<p>Vizit\u0103 maraton a ministrului PSD al Tineretului, Familiei \u0219i Egalit\u0103\u021bii de \u0218anse, Natalia Intotero, \u00een jude\u021bul Buz\u0103u. Timp de dou\u0103 zile, Natalia Intotero a vizitat mai multe centre sociale din subordinea Direc\u021biei Generale de Asisten\u021b\u0103 Social\u0103 \u0219i Protec\u021bia Copilului Buz\u0103u, at\u00e2t din zone rurale, c\u00e2t \u0219i din muncipiile Buz\u0103u \u0219i Rm. S\u0103rat. Ministrul Familiei a discutat cu angaja\u021bii sistemului de asisten\u021b\u0103 social\u0103, dar \u0219i cu mai mul\u021bi copii din centrele de \u00eengrijire. Natalia Intotero \u0219i-a exprimat bucuria c\u0103 minorii sunt bine \u00eengriji\u021bi, au o rela\u021bie bun\u0103 cu reprezentan\u021bii serviciilor sociale,&hellip;<\/p>\n","protected":false},"author":4,"featured_media":18433,"comment_status":"closed","ping_status":"closed","sticky":false,"template":"","format":"standard","meta":{"footnotes":""},"categories":[168],"tags":[523,6821,6820,1706,1243],"class_list":["post-18432","post","type-post","status-publish","format-standard","has-post-thumbnail","hentry","category-informatia-de-buzau","tag-consiliu-judetean","tag-ministerul-familiei","tag-natalia-intotero","tag-protectia-copilului","tag-psd-buzau"],"gutentor_comment":0,"_links":{"self":[{"href":"https:\/\/scurtpe2.ro\/index.php?rest_route=\/wp\/v2\/posts\/18432","targetHints":{"allow":["GET"]}}],"collection":[{"href":"https:\/\/scurtpe2.ro\/index.php?rest_route=\/wp\/v2\/posts"}],"about":[{"href":"https:\/\/scurtpe2.ro\/index.php?rest_route=\/wp\/v2\/types\/post"}],"author":[{"embeddable":true,"href":"https:\/\/scurtpe2.ro\/index.php?rest_route=\/wp\/v2\/users\/4"}],"replies":[{"embeddable":true,"href":"https:\/\/scurtpe2.ro\/index.php?rest_route=%2Fwp%2Fv2%2Fcomments&post=18432"}],"version-history":[{"count":1,"href":"https:\/\/scurtpe2.ro\/index.php?rest_route=\/wp\/v2\/posts\/18432\/revisions"}],"predecessor-version":[{"id":18434,"href":"https:\/\/scurtpe2.ro\/index.php?rest_route=\/wp\/v2\/posts\/18432\/revisions\/18434"}],"wp:featuredmedia":[{"embeddable":true,"href":"https:\/\/scurtpe2.ro\/index.php?rest_route=\/wp\/v2\/media\/18433"}],"wp:attachment":[{"href":"https:\/\/scurtpe2.ro\/index.php?rest_route=%2Fwp%2Fv2%2Fmedia&parent=18432"}],"wp:term":[{"taxonomy":"category","embeddable":true,"href":"https:\/\/scurtpe2.ro\/index.php?rest_route=%2Fwp%2Fv2%2Fcategories&post=18432"},{"taxonomy":"post_tag","embeddable":true,"href":"https:\/\/scurtpe2.ro\/index.php?rest_route=%2Fwp%2Fv2%2Ftags&post=18432"}],"curies":[{"name":"wp","href":"https:\/\/api.w.org\/{rel}","templated":true}]}}