{"id":18429,"date":"2023-11-06T19:02:02","date_gmt":"2023-11-06T16:02:02","guid":{"rendered":"https:\/\/scurtpe2.ro\/?p=18429"},"modified":"2023-11-06T19:02:02","modified_gmt":"2023-11-06T16:02:02","slug":"ferma-agricola-pentru-liceeni","status":"publish","type":"post","link":"https:\/\/scurtpe2.ro\/?p=18429","title":{"rendered":"FERM\u0102 AGRICOL\u0102 PENTRU LICEENI"},"content":{"rendered":"<p>Autorit\u0103\u021bile din R\u00e2mnicu S\u0103rat vor s\u0103 preg\u0103teasc\u0103 speciali\u0219ti \u00een agricultur\u0103, peste c\u00e2\u021biva ani, la ferma agricol\u0103 didactic\u0103 din cadrul\u00c2\u00a0Liceului Tehnologic &#8222;\u017eTraian S\u0103vulescu&#8221;\u009d\u00c2\u00a0. \u00cen prezent, la ferma situat\u0103 \u00een cartierul Anghel Saligny se realizeaz\u0103 o cur\u0103\u021benie general\u0103.<\/p>\n<p>\u00cen prim\u0103vara acestui an, Consiliul Local Rm. S\u0103rat a acordat avizul de \u00eenfiin\u021bare a unei ferme didactice la liceul Tehnologic &#8222;\u017eTraian S\u0103vulescu&#8221;\u009d, structur\u0103 a Liceului Tehnologic &#8222;\u017eVictor Frunz\u0103&#8221;\u009d. Ferma didactic\u0103 poate func\u021biona pe o suprafa\u021b\u0103 de 50 de hectare, teren de\u021binut de Liceul Tehnologic &#8222;\u017eTraian S\u0103vulescu&#8221;\u009d. \u00cen trecut, unitatea de \u00eenv\u0103\u021b\u0103m\u00e2nt a mai de\u021binut o ferm\u0103 agricol\u0103.<\/p>\n","protected":false},"excerpt":{"rendered":"<p>Autorit\u0103\u021bile din R\u00e2mnicu S\u0103rat vor s\u0103 preg\u0103teasc\u0103 speciali\u0219ti \u00een agricultur\u0103, peste c\u00e2\u021biva ani, la ferma agricol\u0103 didactic\u0103 din cadrul\u00c2\u00a0Liceului Tehnologic &#8222;\u017eTraian S\u0103vulescu&#8221;\u009d\u00c2\u00a0. \u00cen prezent, la ferma situat\u0103 \u00een cartierul Anghel Saligny se realizeaz\u0103 o cur\u0103\u021benie general\u0103. \u00cen prim\u0103vara acestui an, Consiliul Local Rm. S\u0103rat a acordat avizul de \u00eenfiin\u021bare a unei ferme didactice la liceul Tehnologic &#8222;\u017eTraian S\u0103vulescu&#8221;\u009d, structur\u0103 a Liceului Tehnologic &#8222;\u017eVictor Frunz\u0103&#8221;\u009d. Ferma didactic\u0103 poate func\u021biona pe o suprafa\u021b\u0103 de 50 de hectare, teren de\u021binut de Liceul Tehnologic &#8222;\u017eTraian S\u0103vulescu&#8221;\u009d. \u00cen trecut, unitatea de \u00eenv\u0103\u021b\u0103m\u00e2nt a mai de\u021binut&hellip;<\/p>\n","protected":false},"author":4,"featured_media":18430,"comment_status":"closed","ping_status":"closed","sticky":false,"template":"","format":"standard","meta":{"footnotes":""},"categories":[165],"tags":[645,6819,611,6316,2713],"class_list":["post-18429","post","type-post","status-publish","format-standard","has-post-thumbnail","hentry","category-informatia-de-ramnic","tag-agricultura","tag-ferma-didactica","tag-fermieri","tag-liceu-tehnologic","tag-tineri"],"gutentor_comment":0,"_links":{"self":[{"href":"https:\/\/scurtpe2.ro\/index.php?rest_route=\/wp\/v2\/posts\/18429","targetHints":{"allow":["GET"]}}],"collection":[{"href":"https:\/\/scurtpe2.ro\/index.php?rest_route=\/wp\/v2\/posts"}],"about":[{"href":"https:\/\/scurtpe2.ro\/index.php?rest_route=\/wp\/v2\/types\/post"}],"author":[{"embeddable":true,"href":"https:\/\/scurtpe2.ro\/index.php?rest_route=\/wp\/v2\/users\/4"}],"replies":[{"embeddable":true,"href":"https:\/\/scurtpe2.ro\/index.php?rest_route=%2Fwp%2Fv2%2Fcomments&post=18429"}],"version-history":[{"count":1,"href":"https:\/\/scurtpe2.ro\/index.php?rest_route=\/wp\/v2\/posts\/18429\/revisions"}],"predecessor-version":[{"id":18431,"href":"https:\/\/scurtpe2.ro\/index.php?rest_route=\/wp\/v2\/posts\/18429\/revisions\/18431"}],"wp:featuredmedia":[{"embeddable":true,"href":"https:\/\/scurtpe2.ro\/index.php?rest_route=\/wp\/v2\/media\/18430"}],"wp:attachment":[{"href":"https:\/\/scurtpe2.ro\/index.php?rest_route=%2Fwp%2Fv2%2Fmedia&parent=18429"}],"wp:term":[{"taxonomy":"category","embeddable":true,"href":"https:\/\/scurtpe2.ro\/index.php?rest_route=%2Fwp%2Fv2%2Fcategories&post=18429"},{"taxonomy":"post_tag","embeddable":true,"href":"https:\/\/scurtpe2.ro\/index.php?rest_route=%2Fwp%2Fv2%2Ftags&post=18429"}],"curies":[{"name":"wp","href":"https:\/\/api.w.org\/{rel}","templated":true}]}}