{"id":18390,"date":"2023-11-02T09:22:15","date_gmt":"2023-11-02T06:22:15","guid":{"rendered":"https:\/\/scurtpe2.ro\/?p=18390"},"modified":"2023-11-02T09:22:15","modified_gmt":"2023-11-02T06:22:15","slug":"internat-transformat-in-bloc-de-locuinte-sociale","status":"publish","type":"post","link":"https:\/\/scurtpe2.ro\/?p=18390","title":{"rendered":"INTERNAT TRANSFORMAT \u00ceN BLOC DE LOCUIN\u021aE SOCIALE"},"content":{"rendered":"<p>Cartierele de la marginea municipiului R\u00e2mnicu S\u0103rat \u00ee\u0219i schimb\u0103 u\u0219or, u\u0219or, imaginea. Este \u0219i cazul cartierului Anghel Saligny, unde, \u00een ultimii ani, au fost asfaltate mai multe str\u0103zi \u0219i a fost amenjat un parc modern. Acum, \u00een zon\u0103, se lucreaz\u0103 la un bloc de locuin\u021be sociale. Este vorba de cl\u0103direa\u00c2\u00a0fostului internat al Liceul Tehnologic &#8222;\u017eTraian Savulescu&#8221;\u009d structur\u0103 a Liceului Tehnologic &#8222;Victor Frunz\u0103&#8221;, din R\u00e2mnicu S\u0103rat.<\/p>\n<p>Avizul de schimbare a destina\u021biei imobilului care apar\u021bine Liceul Tehnologic &#8222;Victor Frunz\u0103&#8221; \u0219i de reabilitare a internatului \u00een vederea transform\u0103rii sale \u00eentr-un bloc cu locuin\u021be sociale \u0219i spa\u021bii pentru persoanele f\u0103r\u0103 ad\u0103post a fost aprobat de Consiliul Local Rm. S\u0103rat \u00een toamna anului 2019.<\/p>\n","protected":false},"excerpt":{"rendered":"<p>Cartierele de la marginea municipiului R\u00e2mnicu S\u0103rat \u00ee\u0219i schimb\u0103 u\u0219or, u\u0219or, imaginea. Este \u0219i cazul cartierului Anghel Saligny, unde, \u00een ultimii ani, au fost asfaltate mai multe str\u0103zi \u0219i a fost amenjat un parc modern. Acum, \u00een zon\u0103, se lucreaz\u0103 la un bloc de locuin\u021be sociale. Este vorba de cl\u0103direa\u00c2\u00a0fostului internat al Liceul Tehnologic &#8222;\u017eTraian Savulescu&#8221;\u009d structur\u0103 a Liceului Tehnologic &#8222;Victor Frunz\u0103&#8221;, din R\u00e2mnicu S\u0103rat. Avizul de schimbare a destina\u021biei imobilului care apar\u021bine Liceul Tehnologic &#8222;Victor Frunz\u0103&#8221; \u0219i de reabilitare a internatului \u00een vederea transform\u0103rii sale \u00eentr-un bloc cu locuin\u021be&hellip;<\/p>\n","protected":false},"author":4,"featured_media":18391,"comment_status":"closed","ping_status":"closed","sticky":false,"template":"","format":"standard","meta":{"footnotes":""},"categories":[173],"tags":[6804,6316,3688],"class_list":["post-18390","post","type-post","status-publish","format-standard","has-post-thumbnail","hentry","category-administrativ","tag-internat","tag-liceu-tehnologic","tag-locuinte-sociale"],"gutentor_comment":0,"_links":{"self":[{"href":"https:\/\/scurtpe2.ro\/index.php?rest_route=\/wp\/v2\/posts\/18390","targetHints":{"allow":["GET"]}}],"collection":[{"href":"https:\/\/scurtpe2.ro\/index.php?rest_route=\/wp\/v2\/posts"}],"about":[{"href":"https:\/\/scurtpe2.ro\/index.php?rest_route=\/wp\/v2\/types\/post"}],"author":[{"embeddable":true,"href":"https:\/\/scurtpe2.ro\/index.php?rest_route=\/wp\/v2\/users\/4"}],"replies":[{"embeddable":true,"href":"https:\/\/scurtpe2.ro\/index.php?rest_route=%2Fwp%2Fv2%2Fcomments&post=18390"}],"version-history":[{"count":1,"href":"https:\/\/scurtpe2.ro\/index.php?rest_route=\/wp\/v2\/posts\/18390\/revisions"}],"predecessor-version":[{"id":18392,"href":"https:\/\/scurtpe2.ro\/index.php?rest_route=\/wp\/v2\/posts\/18390\/revisions\/18392"}],"wp:featuredmedia":[{"embeddable":true,"href":"https:\/\/scurtpe2.ro\/index.php?rest_route=\/wp\/v2\/media\/18391"}],"wp:attachment":[{"href":"https:\/\/scurtpe2.ro\/index.php?rest_route=%2Fwp%2Fv2%2Fmedia&parent=18390"}],"wp:term":[{"taxonomy":"category","embeddable":true,"href":"https:\/\/scurtpe2.ro\/index.php?rest_route=%2Fwp%2Fv2%2Fcategories&post=18390"},{"taxonomy":"post_tag","embeddable":true,"href":"https:\/\/scurtpe2.ro\/index.php?rest_route=%2Fwp%2Fv2%2Ftags&post=18390"}],"curies":[{"name":"wp","href":"https:\/\/api.w.org\/{rel}","templated":true}]}}