{"id":18160,"date":"2023-09-20T17:44:03","date_gmt":"2023-09-20T14:44:03","guid":{"rendered":"https:\/\/scurtpe2.ro\/?p=18160"},"modified":"2023-09-20T17:44:03","modified_gmt":"2023-09-20T14:44:03","slug":"cosmarul-strazilor-neasfaltate","status":"publish","type":"post","link":"https:\/\/scurtpe2.ro\/?p=18160","title":{"rendered":"CO\u0218MARUL STR\u0102ZILOR NEASFALTATE"},"content":{"rendered":"<p>Str\u0103zile B\u0103l\u0103ceanu \u0219i Jitia, dou\u0103 dintre arterele f\u0103r\u0103 asfalt,\u00c2\u00a0din municipiul R\u00e2mnicu S\u0103rat, sunt un adev\u0103rat co\u0219mar pentru locuitorii din zon\u0103. Oamenii sper\u0103 de ani de zile ca autorit\u0103\u021bile s\u0103 modernizeze str\u0103zile, ca s\u0103 se bucure de condi\u021bii normale de via\u021b\u0103. Strada B\u0103l\u0103ceanu se afl\u0103 \u00een cartierul S\u00e2rbi. Artera nu a fost niciodat\u0103 asfaltat\u0103, de\u0219i \u00een jurul ei, celelalte str\u0103zi sunt modernizate.<\/p>\n<p>Strada Jitia se afl\u0103 \u00een nordul municipiului R\u00e2mnicu S\u0103rat. \u0218i aici locuitorii se pl\u00e2ng de lipsa asfaltului, chiar dac\u0103 aceast\u0103 problem\u0103 a fost semnalat\u0103 autorit\u0103\u021bilor de nenum\u0103rate ori.\u00c2\u00a0Dac\u0103 vara, oamenii sunt acoperi\u021bi de praf, din cap p\u00e2n\u0103-n picioare, atunci c\u00e2nd plou\u0103 abundent sau se tope\u0219te z\u0103pada, strada se umple de ap\u0103 \u0219i noroi. Cel mai greu le este celor care trebuie s\u0103-i duc\u0103 pe cei mici la gr\u0103dini\u021b\u0103 ori la \u0219coal\u0103.<\/p>\n<p>Reprezentan\u021bii Prim\u0103riei R\u00e2mnicu S\u0103rat sus\u021bin c\u0103 cele dou\u0103 artere sunt incluse \u00een lista de investi\u021bii a municipiului, dar nu au fost modernizate p\u00e2n\u0103 \u00een prezent, pentru c\u0103, mai \u00eent\u00e2i, se impunea schimbarea re\u021belei de ap\u0103 \u0219i canal. \u00cen cazul \u00een care ar fi fost asfaltate f\u0103r\u0103 a se \u00eenlocui aceste coloane, str\u0103zile ar fi ajuns \u00een situa\u021bia altora din ora\u0219, care imediat dup\u0103 asfaltare, au suferit avarii \u0219i interven\u021bii care au dus la distrugerea stratului de asfalt. Sorin C\u00eerjan, primarul R\u00e2mnicului, a\u00c2\u00a0invitat echipa TVSat \u00een Biroul de achizi\u021bii din cadrul Prim\u0103riei R\u00e2mnicu S\u0103rat. Edilul sus\u021bine c\u0103\u00c2\u00a0sunt proceduri dificile, mii de documente \u0219i pa\u0219i care trebuie parcur\u0219i pentru a realiza aceste lucr\u0103ri.<\/p>\n<p>Edilul afirm\u0103 c\u0103 \u0219i strada Morilor, alt\u0103 arter\u0103 din cartierul S\u00e2rbi, va fi asfaltat\u0103 dup\u0103 schimbarea re\u021belei de ap\u0103.<\/p>\n<p>Strada Jitia a fost inclus\u0103 \u00een Planul de Investi\u021bii al Companiei de Ap\u0103 \u00een anul 2019 \u0219i dup\u0103 parcurgerea tuturor procedurilor de autorizare \u0219i achizi\u021bie a lucr\u0103rilor, re\u021belele au fost schimbate.<\/p>\n<p>Acum, autorit\u0103\u021bile din Rm S\u0103rat se afl\u0103 \u00een proces de licita\u021bie a lucr\u0103rilor de asfaltare.<\/p>\n<p>Conducerea Companiei de Ap\u0103 Buz\u0103u precizeaz\u0103 c\u0103, \u00een municipiul R\u00e2mnicu S\u0103rat, sunt prev\u0103zute mai multe investi\u021bii \u00een re\u021belele de ap\u0103 \u0219i canalizare. Investi\u021biile Companiei se suprapun, \u00eens\u0103, pe anumite str\u0103zi, cu un proiect de asfalt\u0103ri al Prim\u0103riei R\u00e2mnicu S\u0103rat.<\/p>\n<p>Reprezentan\u021bii Companiei de Ap\u0103 Buz\u0103u anticipeaz\u0103 c\u0103 investi\u021biile de pe str\u0103zile unde sunt programate \u0219i lucr\u0103ri \u00c2\u00a0ale Prim\u0103riei R\u00e2mnicu S\u0103rat, vor fi finalizate p\u00e2n\u0103 \u00een luna decembrie. Pe celelalte artere ale municipiului, lucr\u0103rile Companiei de Ap\u0103 vor demara anul viitor.<\/p>\n<p>Anii trecu\u021bi, autorit\u0103\u021bile din R\u00e2mnicu S\u0103rat \u0219i-au propus s\u0103 modernizeze str\u0103zile din muncipiu, care nu au v\u0103zut niciodat\u0103 asfalt. \u00cen acela\u0219i timp, pe unele artere, re\u021belele de ap\u0103 trebuiau reabilitate. \u00cen ciuda explica\u021bilor oferite de autorit\u0103\u021bi, locuitorii par s\u0103 \u00ee\u0219i fi pierdut r\u0103bdarea.<\/p>\n","protected":false},"excerpt":{"rendered":"<p>Str\u0103zile B\u0103l\u0103ceanu \u0219i Jitia, dou\u0103 dintre arterele f\u0103r\u0103 asfalt,\u00c2\u00a0din municipiul R\u00e2mnicu S\u0103rat, sunt un adev\u0103rat co\u0219mar pentru locuitorii din zon\u0103. Oamenii sper\u0103 de ani de zile ca autorit\u0103\u021bile s\u0103 modernizeze str\u0103zile, ca s\u0103 se bucure de condi\u021bii normale de via\u021b\u0103. Strada B\u0103l\u0103ceanu se afl\u0103 \u00een cartierul S\u00e2rbi. Artera nu a fost niciodat\u0103 asfaltat\u0103, de\u0219i \u00een jurul ei, celelalte str\u0103zi sunt modernizate. Strada Jitia se afl\u0103 \u00een nordul municipiului R\u00e2mnicu S\u0103rat. \u0218i aici locuitorii se pl\u00e2ng de lipsa asfaltului, chiar dac\u0103 aceast\u0103 problem\u0103 a fost semnalat\u0103 autorit\u0103\u021bilor de nenum\u0103rate ori.\u00c2\u00a0Dac\u0103 vara,&hellip;<\/p>\n","protected":false},"author":4,"featured_media":18161,"comment_status":"closed","ping_status":"closed","sticky":false,"template":"","format":"standard","meta":{"footnotes":""},"categories":[173,165],"tags":[1844,4821,6289,218,6720,6150,6719],"class_list":["post-18160","post","type-post","status-publish","format-standard","has-post-thumbnail","hentry","category-administrativ","category-informatia-de-ramnic","tag-compania-de-apa","tag-investiii","tag-licitatii","tag-locuitori","tag-noroaie","tag-strada-jitia","tag-strazi-neasfaltate"],"gutentor_comment":0,"_links":{"self":[{"href":"https:\/\/scurtpe2.ro\/index.php?rest_route=\/wp\/v2\/posts\/18160","targetHints":{"allow":["GET"]}}],"collection":[{"href":"https:\/\/scurtpe2.ro\/index.php?rest_route=\/wp\/v2\/posts"}],"about":[{"href":"https:\/\/scurtpe2.ro\/index.php?rest_route=\/wp\/v2\/types\/post"}],"author":[{"embeddable":true,"href":"https:\/\/scurtpe2.ro\/index.php?rest_route=\/wp\/v2\/users\/4"}],"replies":[{"embeddable":true,"href":"https:\/\/scurtpe2.ro\/index.php?rest_route=%2Fwp%2Fv2%2Fcomments&post=18160"}],"version-history":[{"count":1,"href":"https:\/\/scurtpe2.ro\/index.php?rest_route=\/wp\/v2\/posts\/18160\/revisions"}],"predecessor-version":[{"id":18162,"href":"https:\/\/scurtpe2.ro\/index.php?rest_route=\/wp\/v2\/posts\/18160\/revisions\/18162"}],"wp:featuredmedia":[{"embeddable":true,"href":"https:\/\/scurtpe2.ro\/index.php?rest_route=\/wp\/v2\/media\/18161"}],"wp:attachment":[{"href":"https:\/\/scurtpe2.ro\/index.php?rest_route=%2Fwp%2Fv2%2Fmedia&parent=18160"}],"wp:term":[{"taxonomy":"category","embeddable":true,"href":"https:\/\/scurtpe2.ro\/index.php?rest_route=%2Fwp%2Fv2%2Fcategories&post=18160"},{"taxonomy":"post_tag","embeddable":true,"href":"https:\/\/scurtpe2.ro\/index.php?rest_route=%2Fwp%2Fv2%2Ftags&post=18160"}],"curies":[{"name":"wp","href":"https:\/\/api.w.org\/{rel}","templated":true}]}}