{"id":18016,"date":"2023-08-23T18:26:13","date_gmt":"2023-08-23T15:26:13","guid":{"rendered":"https:\/\/scurtpe2.ro\/?p=18016"},"modified":"2023-08-24T08:28:14","modified_gmt":"2023-08-24T05:28:14","slug":"pregatiri-de-scoala","status":"publish","type":"post","link":"https:\/\/scurtpe2.ro\/?p=18016","title":{"rendered":"PREG\u0102TIRI DE \u0218COAL\u0102"},"content":{"rendered":"<p>Unit\u0103\u021bile de \u00eenv\u0103\u021b\u0103m\u00e2nt din jude\u021bul Buz\u0103u sunt, \u00een cea mai mare parte, preg\u0103tite pentru \u00eenceperea unui nou an \u0219colar&#8230; cu o mic\u0103 excep\u021bie. Dou\u0103 \u0219coli din zona Nehoiu se afl\u0103 \u00een plin proces de reabilitare \u0219i, prin urmare, pentru o perioad\u0103, copiii vor \u00eenv\u0103\u021ba, \u00eentr-o alt\u0103 loca\u021bie.<\/p>\n<p>\u0218efii \u00c2\u00a0Inspectoratului \u0218colar Buz\u0103u recunosc c\u0103, la capitolul cadre didactice \u00een mediul rural, situa\u021bia este destul de delicat\u0103. Este \u0219i dezam\u0103girea pe care au avut-o la examenele de titularizare \u0219i de definitivat care au ar\u0103tat c\u00e2t de grav\u0103 este problema deficitului de profesori califica\u021bi.<\/p>\n<p>Cursurile anului scolar 2023-2024 vor \u00eencepe pe 11 septembrie 2023. Ministerul Educa\u021biei a decis ca anul \u0219colar s\u0103 fie structurat \u00een continuare \u00een cinci module, separate de vacan\u021be. \u00cen luna februarie, vacan\u021ba va fi mobil\u0103, adic\u0103 perioad\u0103 va fi stabilit\u0103 la nivelul fiec\u0103rui inspectorat \u0219colar jude\u021bean. Vacan\u021ba de prim\u0103var\u0103 va include \u0219i s\u0103rb\u0103toarea Pa\u0219telui.<\/p>\n","protected":false},"excerpt":{"rendered":"<p>Unit\u0103\u021bile de \u00eenv\u0103\u021b\u0103m\u00e2nt din jude\u021bul Buz\u0103u sunt, \u00een cea mai mare parte, preg\u0103tite pentru \u00eenceperea unui nou an \u0219colar&#8230; cu o mic\u0103 excep\u021bie. Dou\u0103 \u0219coli din zona Nehoiu se afl\u0103 \u00een plin proces de reabilitare \u0219i, prin urmare, pentru o perioad\u0103, copiii vor \u00eenv\u0103\u021ba, \u00eentr-o alt\u0103 loca\u021bie. \u0218efii \u00c2\u00a0Inspectoratului \u0218colar Buz\u0103u recunosc c\u0103, la capitolul cadre didactice \u00een mediul rural, situa\u021bia este destul de delicat\u0103. Este \u0219i dezam\u0103girea pe care au avut-o la examenele de titularizare \u0219i de definitivat care au ar\u0103tat c\u00e2t de grav\u0103 este problema deficitului de profesori&hellip;<\/p>\n","protected":false},"author":4,"featured_media":14686,"comment_status":"closed","ping_status":"closed","sticky":false,"template":"","format":"standard","meta":{"footnotes":""},"categories":[173,168],"tags":[2552,4641,1588,822],"class_list":["post-18016","post","type-post","status-publish","format-standard","has-post-thumbnail","hentry","category-administrativ","category-informatia-de-buzau","tag-an-scolar","tag-nehoiu","tag-reabilitare","tag-scoala"],"gutentor_comment":0,"_links":{"self":[{"href":"https:\/\/scurtpe2.ro\/index.php?rest_route=\/wp\/v2\/posts\/18016","targetHints":{"allow":["GET"]}}],"collection":[{"href":"https:\/\/scurtpe2.ro\/index.php?rest_route=\/wp\/v2\/posts"}],"about":[{"href":"https:\/\/scurtpe2.ro\/index.php?rest_route=\/wp\/v2\/types\/post"}],"author":[{"embeddable":true,"href":"https:\/\/scurtpe2.ro\/index.php?rest_route=\/wp\/v2\/users\/4"}],"replies":[{"embeddable":true,"href":"https:\/\/scurtpe2.ro\/index.php?rest_route=%2Fwp%2Fv2%2Fcomments&post=18016"}],"version-history":[{"count":1,"href":"https:\/\/scurtpe2.ro\/index.php?rest_route=\/wp\/v2\/posts\/18016\/revisions"}],"predecessor-version":[{"id":18017,"href":"https:\/\/scurtpe2.ro\/index.php?rest_route=\/wp\/v2\/posts\/18016\/revisions\/18017"}],"wp:featuredmedia":[{"embeddable":true,"href":"https:\/\/scurtpe2.ro\/index.php?rest_route=\/wp\/v2\/media\/14686"}],"wp:attachment":[{"href":"https:\/\/scurtpe2.ro\/index.php?rest_route=%2Fwp%2Fv2%2Fmedia&parent=18016"}],"wp:term":[{"taxonomy":"category","embeddable":true,"href":"https:\/\/scurtpe2.ro\/index.php?rest_route=%2Fwp%2Fv2%2Fcategories&post=18016"},{"taxonomy":"post_tag","embeddable":true,"href":"https:\/\/scurtpe2.ro\/index.php?rest_route=%2Fwp%2Fv2%2Ftags&post=18016"}],"curies":[{"name":"wp","href":"https:\/\/api.w.org\/{rel}","templated":true}]}}