{"id":17960,"date":"2023-08-14T18:33:44","date_gmt":"2023-08-14T15:33:44","guid":{"rendered":"https:\/\/scurtpe2.ro\/?p=17960"},"modified":"2023-08-14T18:33:44","modified_gmt":"2023-08-14T15:33:44","slug":"implicati-in-actiuni-de-voluntariat","status":"publish","type":"post","link":"https:\/\/scurtpe2.ro\/?p=17960","title":{"rendered":"IMPLICA\u021aI \u00ceN AC\u021aIUNI DE VOLUNTARIAT"},"content":{"rendered":"<p>Tinerii din Rm S\u0103rat sunt tot mai implica\u021bi \u00een proiectele de voluntariat. \u00cen cadrul Asocia\u021biei de Tineret ,,Onix&#8221;\u009d, ei au ocazia s\u0103 participe la numeroase ac\u021biuni care \u00eei ajut\u0103 s\u0103-\u0219i \u00eembog\u0103\u021beasc\u0103 cuno\u0219tin\u021bele \u0219i experien\u021bele. Prin Corpul European de Solidaritate, voluntarii din Rm. S\u0103rat lucreaz\u0103 \u00een echip\u0103, \u00eenva\u021b\u0103, \u00ee\u0219i selecteaz\u0103 modele \u0219i particip\u0103 la proiecte care \u00eei preg\u0103tesc pentru o carier\u0103 de viitor.<\/p>\n<p>La \u00eenceputul acestei veri, tinerii au dat startul unui nou proiect de solidaritate. ,,FORTinerESC,, are ca scop revitalizarea Centrului de Tineret local \u0219i \u00eenchegarea grupului de voluntari locali.<\/p>\n<p>De asemenea, la Rm. S\u0103rat a demarat un alt care vizeaz\u0103 implicarea unui num\u0103r c\u00e2t mai mare de tineri \u00een procesele democratice \u0219i administrative ale municipiului.<\/p>\n<p>\u00cen perioada urm\u0103toare, tinerii din Rm. S\u0103rat vor derula proiecte de mobilitate pentru a dezvolta un parteneriat european cu mai bine de zece organiza\u021bii din Europa.<\/p>\n<p>Asocia\u021bia de Tineret ,,Onix,, R\u00e2mnicu S\u0103rat urm\u0103re\u0219te consolidarea calit\u0103\u021bii proceselor de \u00eenv\u0103\u021bare informal\u0103 \u0219i nonformal\u0103 \u0219i dezvoltarea de activit\u0103\u021bi de calitate pentru tineret.<\/p>\n","protected":false},"excerpt":{"rendered":"<p>Tinerii din Rm S\u0103rat sunt tot mai implica\u021bi \u00een proiectele de voluntariat. \u00cen cadrul Asocia\u021biei de Tineret ,,Onix&#8221;\u009d, ei au ocazia s\u0103 participe la numeroase ac\u021biuni care \u00eei ajut\u0103 s\u0103-\u0219i \u00eembog\u0103\u021beasc\u0103 cuno\u0219tin\u021bele \u0219i experien\u021bele. Prin Corpul European de Solidaritate, voluntarii din Rm. S\u0103rat lucreaz\u0103 \u00een echip\u0103, \u00eenva\u021b\u0103, \u00ee\u0219i selecteaz\u0103 modele \u0219i particip\u0103 la proiecte care \u00eei preg\u0103tesc pentru o carier\u0103 de viitor. La \u00eenceputul acestei veri, tinerii au dat startul unui nou proiect de solidaritate. ,,FORTinerESC,, are ca scop revitalizarea Centrului de Tineret local \u0219i \u00eenchegarea grupului de voluntari locali.&hellip;<\/p>\n","protected":false},"author":4,"featured_media":15285,"comment_status":"closed","ping_status":"closed","sticky":false,"template":"","format":"standard","meta":{"footnotes":""},"categories":[165],"tags":[4938,6661,247,3836,557],"class_list":["post-17960","post","type-post","status-publish","format-standard","has-post-thumbnail","hentry","category-informatia-de-ramnic","tag-onix","tag-parteneriat-european","tag-rm-sarat","tag-tineret","tag-voluntari"],"gutentor_comment":0,"_links":{"self":[{"href":"https:\/\/scurtpe2.ro\/index.php?rest_route=\/wp\/v2\/posts\/17960","targetHints":{"allow":["GET"]}}],"collection":[{"href":"https:\/\/scurtpe2.ro\/index.php?rest_route=\/wp\/v2\/posts"}],"about":[{"href":"https:\/\/scurtpe2.ro\/index.php?rest_route=\/wp\/v2\/types\/post"}],"author":[{"embeddable":true,"href":"https:\/\/scurtpe2.ro\/index.php?rest_route=\/wp\/v2\/users\/4"}],"replies":[{"embeddable":true,"href":"https:\/\/scurtpe2.ro\/index.php?rest_route=%2Fwp%2Fv2%2Fcomments&post=17960"}],"version-history":[{"count":1,"href":"https:\/\/scurtpe2.ro\/index.php?rest_route=\/wp\/v2\/posts\/17960\/revisions"}],"predecessor-version":[{"id":17961,"href":"https:\/\/scurtpe2.ro\/index.php?rest_route=\/wp\/v2\/posts\/17960\/revisions\/17961"}],"wp:featuredmedia":[{"embeddable":true,"href":"https:\/\/scurtpe2.ro\/index.php?rest_route=\/wp\/v2\/media\/15285"}],"wp:attachment":[{"href":"https:\/\/scurtpe2.ro\/index.php?rest_route=%2Fwp%2Fv2%2Fmedia&parent=17960"}],"wp:term":[{"taxonomy":"category","embeddable":true,"href":"https:\/\/scurtpe2.ro\/index.php?rest_route=%2Fwp%2Fv2%2Fcategories&post=17960"},{"taxonomy":"post_tag","embeddable":true,"href":"https:\/\/scurtpe2.ro\/index.php?rest_route=%2Fwp%2Fv2%2Ftags&post=17960"}],"curies":[{"name":"wp","href":"https:\/\/api.w.org\/{rel}","templated":true}]}}