{"id":17919,"date":"2023-07-27T17:55:56","date_gmt":"2023-07-27T14:55:56","guid":{"rendered":"https:\/\/scurtpe2.ro\/?p=17919"},"modified":"2023-07-28T16:59:20","modified_gmt":"2023-07-28T13:59:20","slug":"dotari-pentru-scoli-cu-bani-europeni","status":"publish","type":"post","link":"https:\/\/scurtpe2.ro\/?p=17919","title":{"rendered":"DOT\u0102RI PENTRU \u0218COLI CU BANI EUROPENI"},"content":{"rendered":"<p>6 unit\u0103\u021bi de \u00eenv\u0103\u021b\u0103m\u00e2nt din jude\u021bul Buz\u0103u, unde \u00eenva\u021b\u0103 copii cu nevoi speciale, dar \u0219i o \u0219coal\u0103 din Lop\u0103tari vor fi dotate cu mobilier nou \u0219i modern, dar \u0219i cu materiale didactice \u0219i echipamente digitale de ultim\u0103 genera\u021bie. Contractul de finan\u021bare pentru dotarea acestor unit\u0103\u021bi de \u00eenv\u0103\u021b\u0103m\u00e2nt, aflate \u00een administrarea Consiliului Jude\u021bean Buz\u0103u, a fost semnat, ieri, de c\u0103tre pre\u0219edintele institu\u021biei, Petre Emanoil Neagu. Proiectul, care vizeaz\u0103 dotarea cu mobilier, materiale didactice \u0219i echipamente digitale a peste 5.600 de \u0219coli din toat\u0103 \u021bara, este finan\u021bat prin Planul Na\u021bional de Redresare \u0219i Rezilien\u021b\u0103. Suma pe care Consiliul Jude\u021bean Buz\u0103u o va primi, \u00een cadrul acestui proiect, este de aproximativ 2 milioane de euro, din care 30.000 de euro va fi contribu\u021bia administra\u021biei jude\u021bene.<\/p>\n<p>\u00cen cadrul aceluia\u0219i proiect na\u021bional, Prim\u0103ria Buz\u0103u va dota \u0219i echipa complet 36 de unit\u0103\u021bi \u0219colare din municipiu.<\/p>\n<p><img loading=\"lazy\" decoding=\"async\" class=\"alignnone size-medium wp-image-17922\" src=\"https:\/\/scurtpe2.ro\/wp-content\/uploads\/2023\/07\/Toma-1-1-567x365.jpg\" alt=\"\" width=\"567\" height=\"365\" \/><\/p>\n<p>Pre\u0219edintele Consiliului Jude\u021bean Buz\u0103u, Petre Emanoil Neagu, consider\u0103 c\u0103, prin acest proiect se investe\u0219te, pentru prima dat\u0103, cu adev\u0103rat \u00een ,,Rom\u00e2nia Educat\u0103&#8221;\u009d.<\/p>\n<p>Proiectul ar trebui implementat \u00eentr-un an \u0219i jum\u0103tate, \u00een perioada iulie 2023 &#8222;\u201c decembrie 2024.<\/p>\n","protected":false},"excerpt":{"rendered":"<p>6 unit\u0103\u021bi de \u00eenv\u0103\u021b\u0103m\u00e2nt din jude\u021bul Buz\u0103u, unde \u00eenva\u021b\u0103 copii cu nevoi speciale, dar \u0219i o \u0219coal\u0103 din Lop\u0103tari vor fi dotate cu mobilier nou \u0219i modern, dar \u0219i cu materiale didactice \u0219i echipamente digitale de ultim\u0103 genera\u021bie. Contractul de finan\u021bare pentru dotarea acestor unit\u0103\u021bi de \u00eenv\u0103\u021b\u0103m\u00e2nt, aflate \u00een administrarea Consiliului Jude\u021bean Buz\u0103u, a fost semnat, ieri, de c\u0103tre pre\u0219edintele institu\u021biei, Petre Emanoil Neagu. Proiectul, care vizeaz\u0103 dotarea cu mobilier, materiale didactice \u0219i echipamente digitale a peste 5.600 de \u0219coli din toat\u0103 \u021bara, este finan\u021bat prin Planul Na\u021bional de Redresare&hellip;<\/p>\n","protected":false},"author":4,"featured_media":17920,"comment_status":"closed","ping_status":"closed","sticky":false,"template":"","format":"standard","meta":{"footnotes":""},"categories":[173,168],"tags":[523,6643,1483,3613,6625,1369,6644,1338],"class_list":["post-17919","post","type-post","status-publish","format-standard","has-post-thumbnail","hentry","category-administrativ","category-informatia-de-buzau","tag-consiliu-judetean","tag-elevi-cu-nevoi-speciale","tag-finantare","tag-lopatari","tag-pnrr","tag-proiect","tag-romania-educata","tag-scoli"],"gutentor_comment":0,"_links":{"self":[{"href":"https:\/\/scurtpe2.ro\/index.php?rest_route=\/wp\/v2\/posts\/17919","targetHints":{"allow":["GET"]}}],"collection":[{"href":"https:\/\/scurtpe2.ro\/index.php?rest_route=\/wp\/v2\/posts"}],"about":[{"href":"https:\/\/scurtpe2.ro\/index.php?rest_route=\/wp\/v2\/types\/post"}],"author":[{"embeddable":true,"href":"https:\/\/scurtpe2.ro\/index.php?rest_route=\/wp\/v2\/users\/4"}],"replies":[{"embeddable":true,"href":"https:\/\/scurtpe2.ro\/index.php?rest_route=%2Fwp%2Fv2%2Fcomments&post=17919"}],"version-history":[{"count":1,"href":"https:\/\/scurtpe2.ro\/index.php?rest_route=\/wp\/v2\/posts\/17919\/revisions"}],"predecessor-version":[{"id":17923,"href":"https:\/\/scurtpe2.ro\/index.php?rest_route=\/wp\/v2\/posts\/17919\/revisions\/17923"}],"wp:featuredmedia":[{"embeddable":true,"href":"https:\/\/scurtpe2.ro\/index.php?rest_route=\/wp\/v2\/media\/17920"}],"wp:attachment":[{"href":"https:\/\/scurtpe2.ro\/index.php?rest_route=%2Fwp%2Fv2%2Fmedia&parent=17919"}],"wp:term":[{"taxonomy":"category","embeddable":true,"href":"https:\/\/scurtpe2.ro\/index.php?rest_route=%2Fwp%2Fv2%2Fcategories&post=17919"},{"taxonomy":"post_tag","embeddable":true,"href":"https:\/\/scurtpe2.ro\/index.php?rest_route=%2Fwp%2Fv2%2Ftags&post=17919"}],"curies":[{"name":"wp","href":"https:\/\/api.w.org\/{rel}","templated":true}]}}