{"id":17905,"date":"2023-07-26T18:09:41","date_gmt":"2023-07-26T15:09:41","guid":{"rendered":"https:\/\/scurtpe2.ro\/?p=17905"},"modified":"2023-07-28T16:13:09","modified_gmt":"2023-07-28T13:13:09","slug":"noi-asfaltari-2","status":"publish","type":"post","link":"https:\/\/scurtpe2.ro\/?p=17905","title":{"rendered":"NOI ASFALT\u0102RI"},"content":{"rendered":"<p class=\"yiv4276640211ydp97878428msonormal\" style=\"background: white;\"><span lang=\"EN-US\" style=\"font-size: 18.0pt; color: #1d2228;\">Noi str\u0103zi sunt modernizate \u00een cartierul Bariera Foc\u0219ani din municipiul R\u00e2mnicu S\u0103rat. Dac\u0103 pe unele dintre artere execu\u021bia trotuarelor se apropie de final, pe altele se lucreaz\u0103 la structura de rezisten\u021b\u0103 \u0219i se preg\u0103tesc spa\u021biile unde vor fi planta\u021bi arborii. Investi\u021biile se realizeaz\u0103 din fonduri europene.<\/span><\/p>\n<p class=\"yiv4276640211ydp97878428msonormal\" style=\"background: white;\"><span lang=\"EN-US\" style=\"font-size: 18.0pt; color: #1d2228;\">Cartierul Bariera Foc\u0219ani este situat la marginea municipiului R\u00e2mnicu S\u0103rat \u0219i a fost \u00eenfiin\u021bat \u00een urm\u0103 18 ani.\u00c2\u00a0Anul acesta, autorit\u0103\u021bile au demarat lucr\u0103ri de modernizare \u0219i reabilitare \u00een cartierele aflate la periferie, zone care nu au fost asfaltate niciodat\u0103.<\/span><\/p>\n","protected":false},"excerpt":{"rendered":"<p>Noi str\u0103zi sunt modernizate \u00een cartierul Bariera Foc\u0219ani din municipiul R\u00e2mnicu S\u0103rat. Dac\u0103 pe unele dintre artere execu\u021bia trotuarelor se apropie de final, pe altele se lucreaz\u0103 la structura de rezisten\u021b\u0103 \u0219i se preg\u0103tesc spa\u021biile unde vor fi planta\u021bi arborii. Investi\u021biile se realizeaz\u0103 din fonduri europene. Cartierul Bariera Foc\u0219ani este situat la marginea municipiului R\u00e2mnicu S\u0103rat \u0219i a fost \u00eenfiin\u021bat \u00een urm\u0103 18 ani.\u00c2\u00a0Anul acesta, autorit\u0103\u021bile au demarat lucr\u0103ri de modernizare \u0219i reabilitare \u00een cartierele aflate la periferie, zone care nu au fost asfaltate niciodat\u0103.<\/p>\n","protected":false},"author":4,"featured_media":15099,"comment_status":"closed","ping_status":"closed","sticky":false,"template":"","format":"standard","meta":{"footnotes":""},"categories":[173],"tags":[2854,5132,6635],"class_list":["post-17905","post","type-post","status-publish","format-standard","has-post-thumbnail","hentry","category-administrativ","tag-asfaltari","tag-bariera-focsani","tag-cartiere-modernizate"],"gutentor_comment":0,"_links":{"self":[{"href":"https:\/\/scurtpe2.ro\/index.php?rest_route=\/wp\/v2\/posts\/17905","targetHints":{"allow":["GET"]}}],"collection":[{"href":"https:\/\/scurtpe2.ro\/index.php?rest_route=\/wp\/v2\/posts"}],"about":[{"href":"https:\/\/scurtpe2.ro\/index.php?rest_route=\/wp\/v2\/types\/post"}],"author":[{"embeddable":true,"href":"https:\/\/scurtpe2.ro\/index.php?rest_route=\/wp\/v2\/users\/4"}],"replies":[{"embeddable":true,"href":"https:\/\/scurtpe2.ro\/index.php?rest_route=%2Fwp%2Fv2%2Fcomments&post=17905"}],"version-history":[{"count":1,"href":"https:\/\/scurtpe2.ro\/index.php?rest_route=\/wp\/v2\/posts\/17905\/revisions"}],"predecessor-version":[{"id":17907,"href":"https:\/\/scurtpe2.ro\/index.php?rest_route=\/wp\/v2\/posts\/17905\/revisions\/17907"}],"wp:featuredmedia":[{"embeddable":true,"href":"https:\/\/scurtpe2.ro\/index.php?rest_route=\/wp\/v2\/media\/15099"}],"wp:attachment":[{"href":"https:\/\/scurtpe2.ro\/index.php?rest_route=%2Fwp%2Fv2%2Fmedia&parent=17905"}],"wp:term":[{"taxonomy":"category","embeddable":true,"href":"https:\/\/scurtpe2.ro\/index.php?rest_route=%2Fwp%2Fv2%2Fcategories&post=17905"},{"taxonomy":"post_tag","embeddable":true,"href":"https:\/\/scurtpe2.ro\/index.php?rest_route=%2Fwp%2Fv2%2Ftags&post=17905"}],"curies":[{"name":"wp","href":"https:\/\/api.w.org\/{rel}","templated":true}]}}