{"id":17840,"date":"2023-07-13T18:25:04","date_gmt":"2023-07-13T15:25:04","guid":{"rendered":"https:\/\/scurtpe2.ro\/?p=17840"},"modified":"2023-07-13T18:25:04","modified_gmt":"2023-07-13T15:25:04","slug":"teatru-municipal-doar-pe-hartie","status":"publish","type":"post","link":"https:\/\/scurtpe2.ro\/?p=17840","title":{"rendered":"TEATRU MUNICIPAL, DOAR PE H\u00c3\u201aRTIE"},"content":{"rendered":"<p>Teatrul Municipal Buz\u0103u exist\u0103, dar \u00eenc\u0103 nu func\u021bioneaz\u0103. \u00cenfiin\u021bat \u00een urm\u0103 cu un an, printr-o hot\u0103r\u00e2re a Consiliului Local Buz\u0103u, Teatrul Municipal &#8222;\u017eVladimir Maximilian&#8221;\u009d urma s\u0103 fie condus de actorul \u0219i regizorul Petru Had\u00e2rc\u0103, din Republica Moldova \u0219i ar fi avut 35 de angaja\u021bi. Potrivit deciziei de atunci a autorit\u0103\u021bilor locale, teatrul ar fi urmat s\u0103 func\u021bioneze \u00een Vila Albatros din Parcul Marghiloman, \u00eens\u0103, ulterior, s-a renun\u021bat la aceast\u0103 id\u00c3\u00a9e. \u0218i \u00een prezent, noua institu\u021bie de cultur\u0103 exist\u0103 doar pe h\u00e2rtie, pentru c\u0103 \u00eenc\u0103 nu de\u021bine un sediu. Recent, unii consilieri locali i-au cerut primarului Constantin Toma l\u0103muriri \u00een privin\u021ba situa\u021biei teatrului.<\/p>\n<p>Edilul Buz\u0103ului spune c\u0103 \u00eenc\u0103 se caut\u0103 un sediu pentru Teatrul Municipal &#8222;\u017eVladimir Maximilian&#8221;\u009d.<\/p>\n<p>La vremea respectiv\u0103, decizia de infiin\u021bare a Teatrului Municipal a st\u00e2rnit un adev\u0103rat scandal, dup\u0103 ce primarul Constantin Toma a declarat c\u0103 ,,<em>Buz\u0103ul este singurul ora\u0219 din Rom\u00e2nia, re\u0219edin\u021b\u0103 de jude\u021b, cu peste o sut\u0103 de mii de locuitori, care nu are un teatru<\/em>&#8222;\u009d. De\u0219i reac\u021bia de atunci a reprezentan\u021bilor Teatrului George Ciprian din Buz\u0103u a fost vehement\u0103, edilul municipiului pare \u0219i acum, de aceea\u0219i p\u0103rere.<\/p>\n<p>Potrivit proiectului ini\u021bial, Teatrul Municipal &#8222;\u017eVladimir Maximilian&#8221;\u009d ar fi fost deservit de o trup\u0103 mixt\u0103 de actori, at\u00e2t de la Teatrul Na\u021bional ,,Mihai Eminescu&#8221; din Chi\u0219in\u0103u, c\u00e2t \u0219i de actori buzoieni. Primele spectacole ar fi trebuit s\u0103 fie puse \u00een scen\u0103 \u00een toamna anului 2022.<\/p>\n","protected":false},"excerpt":{"rendered":"<p>Teatrul Municipal Buz\u0103u exist\u0103, dar \u00eenc\u0103 nu func\u021bioneaz\u0103. \u00cenfiin\u021bat \u00een urm\u0103 cu un an, printr-o hot\u0103r\u00e2re a Consiliului Local Buz\u0103u, Teatrul Municipal &#8222;\u017eVladimir Maximilian&#8221;\u009d urma s\u0103 fie condus de actorul \u0219i regizorul Petru Had\u00e2rc\u0103, din Republica Moldova \u0219i ar fi avut 35 de angaja\u021bi. Potrivit deciziei de atunci a autorit\u0103\u021bilor locale, teatrul ar fi urmat s\u0103 func\u021bioneze \u00een Vila Albatros din Parcul Marghiloman, \u00eens\u0103, ulterior, s-a renun\u021bat la aceast\u0103 id\u00c3\u00a9e. \u0218i \u00een prezent, noua institu\u021bie de cultur\u0103 exist\u0103 doar pe h\u00e2rtie, pentru c\u0103 \u00eenc\u0103 nu de\u021bine un sediu. Recent, unii&hellip;<\/p>\n","protected":false},"author":4,"featured_media":17841,"comment_status":"closed","ping_status":"closed","sticky":false,"template":"","format":"standard","meta":{"footnotes":""},"categories":[168],"tags":[1275,318,5151,6603,6604],"class_list":["post-17840","post","type-post","status-publish","format-standard","has-post-thumbnail","hentry","category-informatia-de-buzau","tag-consiliu-local","tag-constantin-toma","tag-sediu","tag-teatru-municipal","tag-vladimir-maximilian"],"gutentor_comment":0,"_links":{"self":[{"href":"https:\/\/scurtpe2.ro\/index.php?rest_route=\/wp\/v2\/posts\/17840","targetHints":{"allow":["GET"]}}],"collection":[{"href":"https:\/\/scurtpe2.ro\/index.php?rest_route=\/wp\/v2\/posts"}],"about":[{"href":"https:\/\/scurtpe2.ro\/index.php?rest_route=\/wp\/v2\/types\/post"}],"author":[{"embeddable":true,"href":"https:\/\/scurtpe2.ro\/index.php?rest_route=\/wp\/v2\/users\/4"}],"replies":[{"embeddable":true,"href":"https:\/\/scurtpe2.ro\/index.php?rest_route=%2Fwp%2Fv2%2Fcomments&post=17840"}],"version-history":[{"count":1,"href":"https:\/\/scurtpe2.ro\/index.php?rest_route=\/wp\/v2\/posts\/17840\/revisions"}],"predecessor-version":[{"id":17842,"href":"https:\/\/scurtpe2.ro\/index.php?rest_route=\/wp\/v2\/posts\/17840\/revisions\/17842"}],"wp:featuredmedia":[{"embeddable":true,"href":"https:\/\/scurtpe2.ro\/index.php?rest_route=\/wp\/v2\/media\/17841"}],"wp:attachment":[{"href":"https:\/\/scurtpe2.ro\/index.php?rest_route=%2Fwp%2Fv2%2Fmedia&parent=17840"}],"wp:term":[{"taxonomy":"category","embeddable":true,"href":"https:\/\/scurtpe2.ro\/index.php?rest_route=%2Fwp%2Fv2%2Fcategories&post=17840"},{"taxonomy":"post_tag","embeddable":true,"href":"https:\/\/scurtpe2.ro\/index.php?rest_route=%2Fwp%2Fv2%2Ftags&post=17840"}],"curies":[{"name":"wp","href":"https:\/\/api.w.org\/{rel}","templated":true}]}}