{"id":17447,"date":"2023-05-15T18:53:57","date_gmt":"2023-05-15T15:53:57","guid":{"rendered":"https:\/\/scurtpe2.ro\/?p=17447"},"modified":"2023-05-15T18:53:57","modified_gmt":"2023-05-15T15:53:57","slug":"o-noapte-de-exceptie","status":"publish","type":"post","link":"https:\/\/scurtpe2.ro\/?p=17447","title":{"rendered":"O NOAPTE DE EXCEP\u021aIE"},"content":{"rendered":"<p>O sear\u0103 cultural\u0103 de excep\u021bie. A\u0219a se poate rezuma &#8222;\u017eNoaptea European\u0103 a Muzeelor&#8221;\u009d, eveniment organizat, s\u00e2mb\u0103t\u0103 sear\u0103, de Muzeul Municipal ,,Octavian Mo\u0219escu&#8221;\u009d din Rm. S\u0103rat. Publicul prezent a avut ocazia s\u0103 participe la patru expozi\u021bii de pictur\u0103, printre care \u0219i o expozi\u021bie de caricatur\u0103, &#8222;\u009dPolitikum&#8221;\u009d, semnat\u0103 de artistul Marian Avramescu, din Ploie\u0219ti, \u00een care s-au reg\u0103sit \u0219i personalit\u0103\u021bi politice locale. De asemenea, r\u00e2mnicenii au putut vizita \u0219i expozi\u021biile de baz\u0103 ale Muzeului.<\/p>\n<p>Pivni\u021ba Complexului Br\u00e2ncovenesc a g\u0103zduit expozi\u021bia de pictur\u0103 &#8222;\u009dAbisal 2&#8243;\u009d, semnat\u0103 de artistul buzoian Florin Menzopol. De asemenea, \u00een Sala St\u0103re\u021bie, publicul a avut ocazia s\u0103 admire expozi\u021bia de pictur\u0103 a lui Cornel Van\u0103, &#8222;\u009dDe odor \u0219i lacr\u0103me&#8221;\u009d, iar \u00een Sala Turn, expozi\u021bia de pictur\u0103 a artistului Petre Chirea, &#8222;\u009dNote de c\u0103l\u0103torie&#8221;\u009d.<\/p>\n<p>La prezentarea expozi\u021biei artsitului\u00c2\u00a0Florin Menzopol a participat \u0219i criticul de art\u0103, Pavel \u0218u\u0219ar\u0103, aflat pentru prima oar\u0103 la R\u00e2mnicu S\u0103rat.<\/p>\n<p>Ana Amelia Madalina Dinc\u0103, de asemenea critic de art\u0103, a fost prezent\u0103 la prezentarea expozi\u021biei ,,De odor \u0219i lacr\u0103me&#8221; a artistului\u00c2\u00a0Cornel Van\u0103, din Turda. Expozi\u021bia a oferit \u0219i un emo\u021bionant moment muzical al sopranei Dana Caraman.<\/p>\n<p>Autorit\u0103\u021bile din Rm S\u0103rat, prezente la eveniment, s-au bucurat din plin de atmosfera deosebit\u0103 a serii.<\/p>\n<p>Surprizele preg\u0103tite de reprezentan\u021bii Muzeului Municipal ,,Octavian Mo\u0219escu&#8221;\u009d din R\u00e2mnicu S\u0103rat Publicul i-au \u00eenc\u00e2ntat pe to\u021bi vizitatorii.<\/p>\n<p>&#8222;\u017eNoaptea Muzeelor&#8221;\u009d este un eveniment de succes european, desf\u0103\u0219urat la nivel interna\u021bional, \u0219i aflat, anul acesta, la cea de-a 19-a edi\u021bie. Manifestarea este ini\u021biat\u0103 de Ministerul Culturii \u0219i Comunic\u0103rii din Fran\u021ba \u0219i patronat\u0103 \u00een prezent de Consiliul Europei, de UNESCO \u0219i de Consiliul Interna\u021bional al Muzeelor. TVSat Media Group a fost partener media al evenimentului de la Rm. S\u0103rat.<\/p>\n","protected":false},"excerpt":{"rendered":"<p>O sear\u0103 cultural\u0103 de excep\u021bie. A\u0219a se poate rezuma &#8222;\u017eNoaptea European\u0103 a Muzeelor&#8221;\u009d, eveniment organizat, s\u00e2mb\u0103t\u0103 sear\u0103, de Muzeul Municipal ,,Octavian Mo\u0219escu&#8221;\u009d din Rm. S\u0103rat. Publicul prezent a avut ocazia s\u0103 participe la patru expozi\u021bii de pictur\u0103, printre care \u0219i o expozi\u021bie de caricatur\u0103, &#8222;\u009dPolitikum&#8221;\u009d, semnat\u0103 de artistul Marian Avramescu, din Ploie\u0219ti, \u00een care s-au reg\u0103sit \u0219i personalit\u0103\u021bi politice locale. De asemenea, r\u00e2mnicenii au putut vizita \u0219i expozi\u021biile de baz\u0103 ale Muzeului. Pivni\u021ba Complexului Br\u00e2ncovenesc a g\u0103zduit expozi\u021bia de pictur\u0103 &#8222;\u009dAbisal 2&#8243;\u009d, semnat\u0103 de artistul buzoian Florin Menzopol. De asemenea,&hellip;<\/p>\n","protected":false},"author":4,"featured_media":17448,"comment_status":"closed","ping_status":"closed","sticky":false,"template":"","format":"standard","meta":{"footnotes":""},"categories":[165],"tags":[1875,615,6401,3102,1453,1442],"class_list":["post-17447","post","type-post","status-publish","format-standard","has-post-thumbnail","hentry","category-informatia-de-ramnic","tag-european","tag-expozitie","tag-muzeu-rm-sarat","tag-noaptea-muzeelor","tag-octavian-mosescu","tag-tvsat-media-group"],"gutentor_comment":0,"_links":{"self":[{"href":"https:\/\/scurtpe2.ro\/index.php?rest_route=\/wp\/v2\/posts\/17447","targetHints":{"allow":["GET"]}}],"collection":[{"href":"https:\/\/scurtpe2.ro\/index.php?rest_route=\/wp\/v2\/posts"}],"about":[{"href":"https:\/\/scurtpe2.ro\/index.php?rest_route=\/wp\/v2\/types\/post"}],"author":[{"embeddable":true,"href":"https:\/\/scurtpe2.ro\/index.php?rest_route=\/wp\/v2\/users\/4"}],"replies":[{"embeddable":true,"href":"https:\/\/scurtpe2.ro\/index.php?rest_route=%2Fwp%2Fv2%2Fcomments&post=17447"}],"version-history":[{"count":1,"href":"https:\/\/scurtpe2.ro\/index.php?rest_route=\/wp\/v2\/posts\/17447\/revisions"}],"predecessor-version":[{"id":17449,"href":"https:\/\/scurtpe2.ro\/index.php?rest_route=\/wp\/v2\/posts\/17447\/revisions\/17449"}],"wp:featuredmedia":[{"embeddable":true,"href":"https:\/\/scurtpe2.ro\/index.php?rest_route=\/wp\/v2\/media\/17448"}],"wp:attachment":[{"href":"https:\/\/scurtpe2.ro\/index.php?rest_route=%2Fwp%2Fv2%2Fmedia&parent=17447"}],"wp:term":[{"taxonomy":"category","embeddable":true,"href":"https:\/\/scurtpe2.ro\/index.php?rest_route=%2Fwp%2Fv2%2Fcategories&post=17447"},{"taxonomy":"post_tag","embeddable":true,"href":"https:\/\/scurtpe2.ro\/index.php?rest_route=%2Fwp%2Fv2%2Ftags&post=17447"}],"curies":[{"name":"wp","href":"https:\/\/api.w.org\/{rel}","templated":true}]}}